{"id":2263,"date":"2017-07-05T17:11:19","date_gmt":"2017-07-05T22:11:19","guid":{"rendered":"https:\/\/radiocristianaenlinea.com\/radiocristiana\/?p=2263"},"modified":"2017-07-05T17:11:19","modified_gmt":"2017-07-05T22:11:19","slug":"devocional-del-5-de-julio-del-2017","status":"publish","type":"post","link":"https:\/\/radiocristianaenlinea.com\/radiocristiana\/2017\/07\/05\/devocional-del-5-de-julio-del-2017\/","title":{"rendered":"DEVOCIONAL DEL 5 DE JULIO DEL 2017"},"content":{"rendered":"<p><strong>Para que la prueba de vuestra fe, mucho m\u00e1s preciosa que el oro, el cual perece, bien que sea probado con fuego, sea hallada en alabanza, gloria y honra, cuando Jesucristo fuere manifestado:<\/strong><br \/>\n<strong>1 PEDRO 1:7<\/strong><\/p>\n<p>La prueba de vuestra fe a trav\u00e9s del fuego de pruebas y tribulaciones quema los esp\u00edritus de la carne enfermos, irritables, frustrados, obstinados y decepcionados.<\/p>\n<p>As\u00ed, despu\u00e9s podemos alcanzar y lograr una mayor porci\u00f3n del santo prop\u00f3sito de Dios de dar gloria, honor, alabanza y gratitud al Se\u00f1or Jesucristo.<\/p>\n<p><strong>Que tenga un bendecido d\u00eda<\/strong><\/p>\n","protected":false},"excerpt":{"rendered":"<p>Para que la prueba de vuestra fe, mucho m\u00e1s preciosa que el oro, el cual perece, bien que sea probado con fuego, sea hallada en alabanza, gloria y honra, cuando Jesucristo fuere manifestado: 1 PEDRO 1:7 La prueba de vuestra fe a trav\u00e9s del fuego de pruebas y tribulaciones quema los esp\u00edritus de la carne [&hellip;]<\/p>\n","protected":false},"author":5,"featured_media":2264,"comment_status":"closed","ping_status":"closed","sticky":false,"template":"","format":"standard","meta":{"_crdt_document":"","_monsterinsights_skip_tracking":false,"_monsterinsights_sitenote_active":false,"_monsterinsights_sitenote_note":"","_monsterinsights_sitenote_category":0,"footnotes":""},"categories":[38],"tags":[54,53,52,40,55],"class_list":{"0":"post-2263","1":"post","2":"type-post","3":"status-publish","4":"format-standard","5":"has-post-thumbnail","6":"hentry","7":"category-pastor-oscar-sanchez","8":"tag-alabanza","9":"tag-cristo","10":"tag-devocional","11":"tag-pastor","12":"tag-pedro","14":"post-with-thumbnail","15":"post-with-thumbnail-large"},"aioseo_notices":[],"_links":{"self":[{"href":"https:\/\/radiocristianaenlinea.com\/radiocristiana\/wp-json\/wp\/v2\/posts\/2263","targetHints":{"allow":["GET"]}}],"collection":[{"href":"https:\/\/radiocristianaenlinea.com\/radiocristiana\/wp-json\/wp\/v2\/posts"}],"about":[{"href":"https:\/\/radiocristianaenlinea.com\/radiocristiana\/wp-json\/wp\/v2\/types\/post"}],"author":[{"embeddable":true,"href":"https:\/\/radiocristianaenlinea.com\/radiocristiana\/wp-json\/wp\/v2\/users\/5"}],"replies":[{"embeddable":true,"href":"https:\/\/radiocristianaenlinea.com\/radiocristiana\/wp-json\/wp\/v2\/comments?post=2263"}],"version-history":[{"count":1,"href":"https:\/\/radiocristianaenlinea.com\/radiocristiana\/wp-json\/wp\/v2\/posts\/2263\/revisions"}],"predecessor-version":[{"id":2265,"href":"https:\/\/radiocristianaenlinea.com\/radiocristiana\/wp-json\/wp\/v2\/posts\/2263\/revisions\/2265"}],"wp:featuredmedia":[{"embeddable":true,"href":"https:\/\/radiocristianaenlinea.com\/radiocristiana\/wp-json\/wp\/v2\/media\/2264"}],"wp:attachment":[{"href":"https:\/\/radiocristianaenlinea.com\/radiocristiana\/wp-json\/wp\/v2\/media?parent=2263"}],"wp:term":[{"taxonomy":"category","embeddable":true,"href":"https:\/\/radiocristianaenlinea.com\/radiocristiana\/wp-json\/wp\/v2\/categories?post=2263"},{"taxonomy":"post_tag","embeddable":true,"href":"https:\/\/radiocristianaenlinea.com\/radiocristiana\/wp-json\/wp\/v2\/tags?post=2263"}],"curies":[{"name":"wp","href":"https:\/\/api.w.org\/{rel}","templated":true}]}}