{"id":2267,"date":"2017-07-06T16:17:05","date_gmt":"2017-07-06T21:17:05","guid":{"rendered":"https:\/\/radiocristianaenlinea.com\/radiocristiana\/?p=2267"},"modified":"2017-07-06T16:17:05","modified_gmt":"2017-07-06T21:17:05","slug":"los-dones-de-dios","status":"publish","type":"post","link":"https:\/\/radiocristianaenlinea.com\/radiocristiana\/2017\/07\/06\/los-dones-de-dios\/","title":{"rendered":"LOS DONES DE DIOS"},"content":{"rendered":"<p>Un hombre entr\u00f3 en un local y vio a un se\u00f1or en el mostrador. Maravillado con la belleza de el lugar, pregunt\u00f3:<br \/>\n-Se\u00f1or, que se vende aqu\u00ed&#8230;???<br \/>\n-Los dones de Dios. Le respondi\u00f3 el se\u00f1or.<br \/>\n-Cu\u00e1nto cuestan? volvi\u00f3 a preguntar<br \/>\n-No cuestan nada&#8230;!!! Aqu\u00ed todo es gratis&#8230;!!!<br \/>\nEl hombre contempl\u00f3 el local y vio que hab\u00edan jarros de amor, frascos de fe, paquetes de esperanza, cajitas de salvaci\u00f3n, mucha sabidur\u00eda, fardos de perd\u00f3n, paquetes grandes de paz y muchos otros dones.<br \/>\nEl hombre, maravillado con todo aquello, pidi\u00f3:<br \/>\n-Por favor, quiero el mayor jarro de amor, todos los jarros de perd\u00f3n y un frasco grande de fe, para m\u00ed, mis amigos y familia.<br \/>\nEntonces, el se\u00f1or prepar\u00f3 todo y le entreg\u00f3 un peque\u00f1o paquetito que cab\u00eda en la palma de su mano.<br \/>\nIncr\u00e9dulo, el hombre dijo:<br \/>\n-Pero, c\u00f3mo puede estar aqu\u00ed todo lo que ped\u00ed&#8230;???<br \/>\nSonriendo, el se\u00f1or le respondi\u00f3:<br \/>\n-En el Local de Dios no vendemos frutos! S\u00f3lo semillas&#8230;!!! Pl\u00e1ntelas&#8230;!!!<\/p>\n<p>Sembrar, es el mensaje de ahora en adelante<br \/>\nDependiendo de tu siembra ser\u00e1 tu cosecha&#8230;<br \/>\nInfinitas Bendiciones<\/p>\n","protected":false},"excerpt":{"rendered":"<p>Un hombre entr\u00f3 en un local y vio a un se\u00f1or en el mostrador. Maravillado con la belleza de el lugar, pregunt\u00f3: -Se\u00f1or, que se vende aqu\u00ed&#8230;??? -Los dones de Dios. Le respondi\u00f3 el se\u00f1or. -Cu\u00e1nto cuestan? volvi\u00f3 a preguntar -No cuestan nada&#8230;!!! Aqu\u00ed todo es gratis&#8230;!!! El hombre contempl\u00f3 el local y vio que [&hellip;]<\/p>\n","protected":false},"author":5,"featured_media":2268,"comment_status":"closed","ping_status":"closed","sticky":false,"template":"","format":"standard","meta":{"_crdt_document":"","_monsterinsights_skip_tracking":false,"_monsterinsights_sitenote_active":false,"_monsterinsights_sitenote_note":"","_monsterinsights_sitenote_category":0,"footnotes":""},"categories":[8],"tags":[58,56,57,59],"class_list":{"0":"post-2267","1":"post","2":"type-post","3":"status-publish","4":"format-standard","5":"has-post-thumbnail","6":"hentry","7":"category-reflexiones","8":"tag-bendiciones","9":"tag-dios","10":"tag-dones","11":"tag-mensaje","13":"post-with-thumbnail","14":"post-with-thumbnail-large"},"aioseo_notices":[],"_links":{"self":[{"href":"https:\/\/radiocristianaenlinea.com\/radiocristiana\/wp-json\/wp\/v2\/posts\/2267","targetHints":{"allow":["GET"]}}],"collection":[{"href":"https:\/\/radiocristianaenlinea.com\/radiocristiana\/wp-json\/wp\/v2\/posts"}],"about":[{"href":"https:\/\/radiocristianaenlinea.com\/radiocristiana\/wp-json\/wp\/v2\/types\/post"}],"author":[{"embeddable":true,"href":"https:\/\/radiocristianaenlinea.com\/radiocristiana\/wp-json\/wp\/v2\/users\/5"}],"replies":[{"embeddable":true,"href":"https:\/\/radiocristianaenlinea.com\/radiocristiana\/wp-json\/wp\/v2\/comments?post=2267"}],"version-history":[{"count":1,"href":"https:\/\/radiocristianaenlinea.com\/radiocristiana\/wp-json\/wp\/v2\/posts\/2267\/revisions"}],"predecessor-version":[{"id":2269,"href":"https:\/\/radiocristianaenlinea.com\/radiocristiana\/wp-json\/wp\/v2\/posts\/2267\/revisions\/2269"}],"wp:featuredmedia":[{"embeddable":true,"href":"https:\/\/radiocristianaenlinea.com\/radiocristiana\/wp-json\/wp\/v2\/media\/2268"}],"wp:attachment":[{"href":"https:\/\/radiocristianaenlinea.com\/radiocristiana\/wp-json\/wp\/v2\/media?parent=2267"}],"wp:term":[{"taxonomy":"category","embeddable":true,"href":"https:\/\/radiocristianaenlinea.com\/radiocristiana\/wp-json\/wp\/v2\/categories?post=2267"},{"taxonomy":"post_tag","embeddable":true,"href":"https:\/\/radiocristianaenlinea.com\/radiocristiana\/wp-json\/wp\/v2\/tags?post=2267"}],"curies":[{"name":"wp","href":"https:\/\/api.w.org\/{rel}","templated":true}]}}