{"id":2270,"date":"2017-07-06T16:26:20","date_gmt":"2017-07-06T21:26:20","guid":{"rendered":"https:\/\/radiocristianaenlinea.com\/radiocristiana\/?p=2270"},"modified":"2017-07-08T20:16:49","modified_gmt":"2017-07-09T01:16:49","slug":"devocional-7-de-julio-del-2017","status":"publish","type":"post","link":"https:\/\/radiocristianaenlinea.com\/radiocristiana\/2017\/07\/06\/devocional-7-de-julio-del-2017\/","title":{"rendered":"DEVOCIONAL 6 DE JULIO DEL 2017"},"content":{"rendered":"<p><strong>Para que la prueba de vuestra fe, mucho m\u00e1s preciosa que el oro, el cual perece, bien que sea probado con fuego, sea hallada en alabanza, gloria y honra, cuando Jesucristo fuere manifestado:<\/strong><br \/>\n<strong>1 PEDRO 1:7<\/strong><\/p>\n<p>La esperanza que se alarga, se retrasa, se prolonga y se extiende, hace que el coraz\u00f3n se enferme, a menos que la confianza sea establecida completamente en el Se\u00f1or Dios, el Creador y la voluntad est\u00e9 en completa sujeci\u00f3n a la soberan\u00eda de Cristo.<\/p>\n<p>Dios permite que nuestras esperanzas sean prolongadas y que nuestros corazones enfermen, para que a su debido tiempo, \u00c9l Se\u00f1or Jesucristo pueda sanarnos y traernos al \u00c1rbol de Vida (Jes\u00fas) y por medio de eso, demos honor y gloria a Su Nombre.<\/p>\n<p>Bendecido d\u00eda<\/p>\n","protected":false},"excerpt":{"rendered":"<p>Para que la prueba de vuestra fe, mucho m\u00e1s preciosa que el oro, el cual perece, bien que sea probado con fuego, sea hallada en alabanza, gloria y honra, cuando Jesucristo fuere manifestado: 1 PEDRO 1:7 La esperanza que se alarga, se retrasa, se prolonga y se extiende, hace que el coraz\u00f3n se enferme, a [&hellip;]<\/p>\n","protected":false},"author":5,"featured_media":2271,"comment_status":"closed","ping_status":"closed","sticky":false,"template":"","format":"standard","meta":{"_crdt_document":"","_monsterinsights_skip_tracking":false,"_monsterinsights_sitenote_active":false,"_monsterinsights_sitenote_note":"","_monsterinsights_sitenote_category":0,"footnotes":""},"categories":[38],"tags":[73,74,72],"class_list":{"0":"post-2270","1":"post","2":"type-post","3":"status-publish","4":"format-standard","5":"has-post-thumbnail","6":"hentry","7":"category-pastor-oscar-sanchez","8":"tag-1-pedro-17","9":"tag-devocionales","10":"tag-radiocristianaenlinea-com","12":"post-with-thumbnail","13":"post-with-thumbnail-large"},"aioseo_notices":[],"_links":{"self":[{"href":"https:\/\/radiocristianaenlinea.com\/radiocristiana\/wp-json\/wp\/v2\/posts\/2270","targetHints":{"allow":["GET"]}}],"collection":[{"href":"https:\/\/radiocristianaenlinea.com\/radiocristiana\/wp-json\/wp\/v2\/posts"}],"about":[{"href":"https:\/\/radiocristianaenlinea.com\/radiocristiana\/wp-json\/wp\/v2\/types\/post"}],"author":[{"embeddable":true,"href":"https:\/\/radiocristianaenlinea.com\/radiocristiana\/wp-json\/wp\/v2\/users\/5"}],"replies":[{"embeddable":true,"href":"https:\/\/radiocristianaenlinea.com\/radiocristiana\/wp-json\/wp\/v2\/comments?post=2270"}],"version-history":[{"count":2,"href":"https:\/\/radiocristianaenlinea.com\/radiocristiana\/wp-json\/wp\/v2\/posts\/2270\/revisions"}],"predecessor-version":[{"id":2276,"href":"https:\/\/radiocristianaenlinea.com\/radiocristiana\/wp-json\/wp\/v2\/posts\/2270\/revisions\/2276"}],"wp:featuredmedia":[{"embeddable":true,"href":"https:\/\/radiocristianaenlinea.com\/radiocristiana\/wp-json\/wp\/v2\/media\/2271"}],"wp:attachment":[{"href":"https:\/\/radiocristianaenlinea.com\/radiocristiana\/wp-json\/wp\/v2\/media?parent=2270"}],"wp:term":[{"taxonomy":"category","embeddable":true,"href":"https:\/\/radiocristianaenlinea.com\/radiocristiana\/wp-json\/wp\/v2\/categories?post=2270"},{"taxonomy":"post_tag","embeddable":true,"href":"https:\/\/radiocristianaenlinea.com\/radiocristiana\/wp-json\/wp\/v2\/tags?post=2270"}],"curies":[{"name":"wp","href":"https:\/\/api.w.org\/{rel}","templated":true}]}}