{"id":2283,"date":"2017-07-10T16:45:43","date_gmt":"2017-07-10T21:45:43","guid":{"rendered":"https:\/\/radiocristianaenlinea.com\/radiocristiana\/?p=2283"},"modified":"2017-07-10T16:45:43","modified_gmt":"2017-07-10T21:45:43","slug":"devocional-9-de-julio-del-2017","status":"publish","type":"post","link":"https:\/\/radiocristianaenlinea.com\/radiocristiana\/2017\/07\/10\/devocional-9-de-julio-del-2017\/","title":{"rendered":"DEVOCIONAL 9 DE JULIO DEL 2017"},"content":{"rendered":"<p><strong>Amortiguad, pues, vuestros miembros que est\u00e1n sobre la tierra: fornicaci\u00f3n, inmundicia, molicie (comodidad y regalo moralmente excesivos en la manera de vivir), mala concupiscencia, y avaricia, que es idolatr\u00eda:<\/strong><br \/>\n<strong>COLOSENSES 3:5<\/strong><\/p>\n<p><em><strong>\u00a1Es tan maravilloso llegar a este lugar en Dios!<\/strong><\/em><\/p>\n<p>Demos gracias a Dios cuando \u00c9l regresa nuestras manos vac\u00edas, porque as\u00ed nos est\u00e1 diciendo que la hemos extendido de alguna manera equivocadamente, movidos por afectos en desorden; cuando nos damos cuenta de esto entonces podemos alzarlas hacia \u00c9l.<\/p>\n<p>No nos enojemos con aquellos que fallan en darnos la satisfacci\u00f3n deseada; tengamos confianza en Dios, siendo la Cabeza sobre TODAS LAS COSAS, nunca va a permitir que nuestras manos queden llenas por la compasi\u00f3n que procede de los seres humanos para nuestras manos deben levantarse hacia \u00c9l Se\u00f1or Jesucristo para recibir verdadera Satisfacci\u00f3n, verdadero entendimiento y verdadero amor.<\/p>\n<p>Dios le bendiga en esta semana<\/p>\n","protected":false},"excerpt":{"rendered":"<p>Amortiguad, pues, vuestros miembros que est\u00e1n sobre la tierra: fornicaci\u00f3n, inmundicia, molicie (comodidad y regalo moralmente excesivos en la manera de vivir), mala concupiscencia, y avaricia, que es idolatr\u00eda: COLOSENSES 3:5 \u00a1Es tan maravilloso llegar a este lugar en Dios! Demos gracias a Dios cuando \u00c9l regresa nuestras manos vac\u00edas, porque as\u00ed nos est\u00e1 diciendo [&hellip;]<\/p>\n","protected":false},"author":5,"featured_media":2285,"comment_status":"closed","ping_status":"closed","sticky":false,"template":"","format":"standard","meta":{"_crdt_document":"","_monsterinsights_skip_tracking":false,"_monsterinsights_sitenote_active":false,"_monsterinsights_sitenote_note":"","_monsterinsights_sitenote_category":0,"footnotes":""},"categories":[38],"tags":[52,56,61,102,103],"class_list":{"0":"post-2283","1":"post","2":"type-post","3":"status-publish","4":"format-standard","5":"has-post-thumbnail","6":"hentry","7":"category-pastor-oscar-sanchez","8":"tag-devocional","9":"tag-dios","10":"tag-julio","11":"tag-lugar","12":"tag-maravilloso","14":"post-with-thumbnail","15":"post-with-thumbnail-large"},"aioseo_notices":[],"_links":{"self":[{"href":"https:\/\/radiocristianaenlinea.com\/radiocristiana\/wp-json\/wp\/v2\/posts\/2283","targetHints":{"allow":["GET"]}}],"collection":[{"href":"https:\/\/radiocristianaenlinea.com\/radiocristiana\/wp-json\/wp\/v2\/posts"}],"about":[{"href":"https:\/\/radiocristianaenlinea.com\/radiocristiana\/wp-json\/wp\/v2\/types\/post"}],"author":[{"embeddable":true,"href":"https:\/\/radiocristianaenlinea.com\/radiocristiana\/wp-json\/wp\/v2\/users\/5"}],"replies":[{"embeddable":true,"href":"https:\/\/radiocristianaenlinea.com\/radiocristiana\/wp-json\/wp\/v2\/comments?post=2283"}],"version-history":[{"count":1,"href":"https:\/\/radiocristianaenlinea.com\/radiocristiana\/wp-json\/wp\/v2\/posts\/2283\/revisions"}],"predecessor-version":[{"id":2286,"href":"https:\/\/radiocristianaenlinea.com\/radiocristiana\/wp-json\/wp\/v2\/posts\/2283\/revisions\/2286"}],"wp:featuredmedia":[{"embeddable":true,"href":"https:\/\/radiocristianaenlinea.com\/radiocristiana\/wp-json\/wp\/v2\/media\/2285"}],"wp:attachment":[{"href":"https:\/\/radiocristianaenlinea.com\/radiocristiana\/wp-json\/wp\/v2\/media?parent=2283"}],"wp:term":[{"taxonomy":"category","embeddable":true,"href":"https:\/\/radiocristianaenlinea.com\/radiocristiana\/wp-json\/wp\/v2\/categories?post=2283"},{"taxonomy":"post_tag","embeddable":true,"href":"https:\/\/radiocristianaenlinea.com\/radiocristiana\/wp-json\/wp\/v2\/tags?post=2283"}],"curies":[{"name":"wp","href":"https:\/\/api.w.org\/{rel}","templated":true}]}}