{"id":2288,"date":"2017-07-10T16:55:33","date_gmt":"2017-07-10T21:55:33","guid":{"rendered":"https:\/\/radiocristianaenlinea.com\/radiocristiana\/?p=2288"},"modified":"2017-07-10T16:55:33","modified_gmt":"2017-07-10T21:55:33","slug":"devocional-1o-de-julio-2017","status":"publish","type":"post","link":"https:\/\/radiocristianaenlinea.com\/radiocristiana\/2017\/07\/10\/devocional-1o-de-julio-2017\/","title":{"rendered":"DEVOCIONAL 1O DE JULIO 2017"},"content":{"rendered":"<p>22 Luego tomar\u00e1s del carnero el sebo, y la cola, y el sebo que cubre los intestinos, y el reda\u00f1o del h\u00edgado, y los dos ri\u00f1ones, y el sebo que est\u00e1 sobre ellos, y la espaldilla derecha; porque es carnero de consagraciones.<\/p>\n<p>23 Tambi\u00e9n una torta de pan, y una hojaldre amasada con aceite, y una lasa\u00f1a del canastillo de los \u00e1zimos presentado a Jehov\u00e1 ;<\/p>\n<p>24 Y lo has de poner todo en las manos de Aar\u00f2n, y en las manos de sus hijos; y lo mecer\u00e1s agit\u00e1ndolo delante de Jehov\u00e1.<\/p>\n<p><strong>25 Despu\u00e9s lo tomar\u00e1s de sus manos, y lo har\u00e1s arder sobre el altar en holocausto, por olor agradable delante de Jehov\u00e1. Es ofrenda encendida a Jehov\u00e1.<\/strong><br \/>\n<strong>\u00c9XODO 30:<\/strong><\/p>\n<p><strong>Has amado la justicia, y abo<\/strong><strong>rrecido la maldad;<\/strong><br \/>\n<strong>Por lo cual te ungi\u00f3 Dios, el <\/strong><strong>Dios tuyo,<\/strong><br \/>\n<strong>Con \u00f3leo de alegr\u00eda m\u00e1s que a\u00a0<\/strong><strong>tus compa\u00f1eros.<\/strong><br \/>\n<strong>HEBREOS2:9<\/strong><\/p>\n<p>El aceite de la unci\u00f3n se derramaba abundantemente sobre la cabeza de Aar\u00f2n (sumo sacerdote) de tal manera que le corr\u00eda por la barba hasta llegar a la orilla de las vestiduras; con ello se estaba tipificando la unci\u00f3n de Jesucristo por el Esp\u00edritu Santo.<\/p>\n<p>\u00ab\u00a1Mirad cu\u00e1n bueno y cu\u00e1n delicioso es habitar los hermanos igualmente en uno!<\/p>\n<p>Solamente una cosa evita que los creyentes tengan armon\u00eda perfecta con el Se\u00f1or, entre s\u00ed, ella es la FALTA DE UNCI\u00d3N con el santo aceite y su ingrediente de mirra, que es la humildad y mansedumbre.<\/p>\n<p>Que tenga un bendecido d\u00eda .<\/p>\n","protected":false},"excerpt":{"rendered":"<p>22 Luego tomar\u00e1s del carnero el sebo, y la cola, y el sebo que cubre los intestinos, y el reda\u00f1o del h\u00edgado, y los dos ri\u00f1ones, y el sebo que est\u00e1 sobre ellos, y la espaldilla derecha; porque es carnero de consagraciones. 23 Tambi\u00e9n una torta de pan, y una hojaldre amasada con aceite, y [&hellip;]<\/p>\n","protected":false},"author":5,"featured_media":2289,"comment_status":"closed","ping_status":"closed","sticky":false,"template":"","format":"standard","meta":{"_crdt_document":"","_monsterinsights_skip_tracking":false,"_monsterinsights_sitenote_active":false,"_monsterinsights_sitenote_note":"","_monsterinsights_sitenote_category":0,"footnotes":""},"categories":[3,38],"tags":[104,52,56,106,105,61],"class_list":{"0":"post-2288","1":"post","2":"type-post","3":"status-publish","4":"format-standard","5":"has-post-thumbnail","6":"hentry","7":"category-devocionales","8":"category-pastor-oscar-sanchez","9":"tag-104","10":"tag-devocional","11":"tag-dios","12":"tag-exodo","13":"tag-hebreos","14":"tag-julio","16":"post-with-thumbnail","17":"post-with-thumbnail-large"},"aioseo_notices":[],"_links":{"self":[{"href":"https:\/\/radiocristianaenlinea.com\/radiocristiana\/wp-json\/wp\/v2\/posts\/2288","targetHints":{"allow":["GET"]}}],"collection":[{"href":"https:\/\/radiocristianaenlinea.com\/radiocristiana\/wp-json\/wp\/v2\/posts"}],"about":[{"href":"https:\/\/radiocristianaenlinea.com\/radiocristiana\/wp-json\/wp\/v2\/types\/post"}],"author":[{"embeddable":true,"href":"https:\/\/radiocristianaenlinea.com\/radiocristiana\/wp-json\/wp\/v2\/users\/5"}],"replies":[{"embeddable":true,"href":"https:\/\/radiocristianaenlinea.com\/radiocristiana\/wp-json\/wp\/v2\/comments?post=2288"}],"version-history":[{"count":1,"href":"https:\/\/radiocristianaenlinea.com\/radiocristiana\/wp-json\/wp\/v2\/posts\/2288\/revisions"}],"predecessor-version":[{"id":2290,"href":"https:\/\/radiocristianaenlinea.com\/radiocristiana\/wp-json\/wp\/v2\/posts\/2288\/revisions\/2290"}],"wp:featuredmedia":[{"embeddable":true,"href":"https:\/\/radiocristianaenlinea.com\/radiocristiana\/wp-json\/wp\/v2\/media\/2289"}],"wp:attachment":[{"href":"https:\/\/radiocristianaenlinea.com\/radiocristiana\/wp-json\/wp\/v2\/media?parent=2288"}],"wp:term":[{"taxonomy":"category","embeddable":true,"href":"https:\/\/radiocristianaenlinea.com\/radiocristiana\/wp-json\/wp\/v2\/categories?post=2288"},{"taxonomy":"post_tag","embeddable":true,"href":"https:\/\/radiocristianaenlinea.com\/radiocristiana\/wp-json\/wp\/v2\/tags?post=2288"}],"curies":[{"name":"wp","href":"https:\/\/api.w.org\/{rel}","templated":true}]}}