{"id":2293,"date":"2017-07-11T15:17:43","date_gmt":"2017-07-11T20:17:43","guid":{"rendered":"https:\/\/radiocristianaenlinea.com\/radiocristiana\/?p=2293"},"modified":"2017-07-11T20:34:02","modified_gmt":"2017-07-12T01:34:02","slug":"cimientos-firmes","status":"publish","type":"post","link":"https:\/\/radiocristianaenlinea.com\/radiocristiana\/2017\/07\/11\/cimientos-firmes\/","title":{"rendered":"\u00a1CIMIENTOS FIRMES!"},"content":{"rendered":"<p><strong>\u00abSi Jehov\u00e1 no edificare la casa, en vano trabajan los que la edifican; Si Jehov\u00e1 no guardare la ciudad, en vano vela la guardia.\u00bb<\/strong><br \/>\n<strong>(Salmos 127:1)<\/strong><\/p>\n<div class=\"text_exposed_show\">\n<p>A lo largo de nuestra vida solemos edificar muchas cosas; una carrera estudiantil, una familia, una educaci\u00f3n buena y sana para nuestros hijos, un negocio, una buena relaci\u00f3n con las personas que nos rodean, un ministerio, una vida que contenga esos detalles que har\u00e1n que nos sintamos satisfechos de los que hicimos&#8230; Pero no se queda all\u00ed!!&#8230; porque es necesario velar por todo lo que construimos!!&#8230; Para esto debemos cuidar la relaci\u00f3n familiar con la esposa y los hijos, dedicarnos al negocio para que sea pr\u00f3spero, darle a nuestros hijos lo que necesitan, cuidar el trabajo que tanto nos cost\u00f3 conseguir!! Y perseverar avivando todos los d\u00edas el fuego del don que Dios nos dio!!&#8230; Pero saben?&#8230; La verdad es que no importa lo que estemos edificando o cuidando!!&#8230; en alg\u00fan momento las dificultades se har\u00e1n presentes y tratar\u00e1n de arrasar con todo lo que edificas o cuidas!!&#8230; Y como resultado, en alg\u00fan momento nuestras debilidades saldr\u00e1n a relucir!!, nuestras capacidades y fuerzas resultar\u00e1n insuficientes!!&#8230; Pero no te desanimes!!&#8230; eso es completamente normal!!<br \/>\nJes\u00fas pone en claro este punto diciendo:<\/p>\n<p><strong>\u00abCualquiera, pues, que me oye estas palabras, y las hace, le comparar\u00e9 a un hombre prudente, que edific\u00f3 su casa sobre la roca. Descendi\u00f3 lluvia, y vinieron r\u00edos, y soplaron vientos, y golpearon contra aquella casa; y no cay\u00f3, porque estaba fundada sobre la roca.\u00bb\u00a0<\/strong><br \/>\n<strong>(Mateo 7:24-25)<\/strong><\/p>\n<p>No importa cual sea tu proyecto que emprendas!&#8230; los mejores materiales y fundamentos son los que puedes recibir de Dios en una relaci\u00f3n \u00edntima con \u00c9l!!&#8230; porque cuando tus fuerzas terminan comienzan las de Dios!!&#8230; cuando tu capacidad es rebasada, el poder de Dios act\u00faa!!, cuando tu conocimiento no alcanza, la sabidur\u00eda de Dios te llevar\u00e1 hasta su voluntad!!&#8230; porque cuando nosotros ya no podemos Dios si puede!!&#8230;<\/p>\n<p>Pero si ya empezaste a construir y te das cuenta que la lluvia ha descendido, vinieron los r\u00edos, soplaron los vientos, y golpearon contra ti, afectando tus proyectos, tu familia, tu negocio o ministerio&#8230; es hora de involucrar a Jes\u00fas en tus planes!!&#8230; porque todo lo que es edificado sobre la Roca firme no caer\u00e1!!<\/p>\n<p><strong>\u00abHe aqu\u00ed, yo hago nuevas todas las cosas.\u00bb<\/strong><br \/>\n<strong>(Apocalipsis 21:5)<\/strong><\/p>\n<p>Amigo!!&#8230; Al\u00e9grate!!&#8230; An\u00edmate!!.. Porque no existe situaci\u00f3n tan dif\u00edcil, familia tan destruida, negocio tan quebrado, coraz\u00f3n tan roto, relaci\u00f3n tan da\u00f1ada, ministerio tan lejano, que Dios no pueda sanar, restaurar y levantar!!&#8230; Cr\u00e9eme&#8230; No existe!!<\/p>\n<p>DIOS LOS BENDIGA A TODOS!!<\/p>\n<\/div>\n","protected":false},"excerpt":{"rendered":"<p>\u00abSi Jehov\u00e1 no edificare la casa, en vano trabajan los que la edifican; Si Jehov\u00e1 no guardare la ciudad, en vano vela la guardia.\u00bb (Salmos 127:1) A lo largo de nuestra vida solemos edificar muchas cosas; una carrera estudiantil, una familia, una educaci\u00f3n buena y sana para nuestros hijos, un negocio, una buena relaci\u00f3n con [&hellip;]<\/p>\n","protected":false},"author":5,"featured_media":2294,"comment_status":"closed","ping_status":"closed","sticky":false,"template":"","format":"standard","meta":{"_crdt_document":"","_monsterinsights_skip_tracking":false,"_monsterinsights_sitenote_active":false,"_monsterinsights_sitenote_note":"","_monsterinsights_sitenote_category":0,"footnotes":""},"categories":[35],"tags":[110,107,109,48,72,108],"class_list":{"0":"post-2293","1":"post","2":"type-post","3":"status-publish","4":"format-standard","5":"has-post-thumbnail","6":"hentry","7":"category-jon-alvarado","8":"tag-apocalipsis-215","9":"tag-cimientos-firmes","10":"tag-mateo-724-25","11":"tag-radiocristianaenlinea","12":"tag-radiocristianaenlinea-com","13":"tag-salmos-1271","15":"post-with-thumbnail","16":"post-with-thumbnail-large"},"aioseo_notices":[],"_links":{"self":[{"href":"https:\/\/radiocristianaenlinea.com\/radiocristiana\/wp-json\/wp\/v2\/posts\/2293","targetHints":{"allow":["GET"]}}],"collection":[{"href":"https:\/\/radiocristianaenlinea.com\/radiocristiana\/wp-json\/wp\/v2\/posts"}],"about":[{"href":"https:\/\/radiocristianaenlinea.com\/radiocristiana\/wp-json\/wp\/v2\/types\/post"}],"author":[{"embeddable":true,"href":"https:\/\/radiocristianaenlinea.com\/radiocristiana\/wp-json\/wp\/v2\/users\/5"}],"replies":[{"embeddable":true,"href":"https:\/\/radiocristianaenlinea.com\/radiocristiana\/wp-json\/wp\/v2\/comments?post=2293"}],"version-history":[{"count":2,"href":"https:\/\/radiocristianaenlinea.com\/radiocristiana\/wp-json\/wp\/v2\/posts\/2293\/revisions"}],"predecessor-version":[{"id":2300,"href":"https:\/\/radiocristianaenlinea.com\/radiocristiana\/wp-json\/wp\/v2\/posts\/2293\/revisions\/2300"}],"wp:featuredmedia":[{"embeddable":true,"href":"https:\/\/radiocristianaenlinea.com\/radiocristiana\/wp-json\/wp\/v2\/media\/2294"}],"wp:attachment":[{"href":"https:\/\/radiocristianaenlinea.com\/radiocristiana\/wp-json\/wp\/v2\/media?parent=2293"}],"wp:term":[{"taxonomy":"category","embeddable":true,"href":"https:\/\/radiocristianaenlinea.com\/radiocristiana\/wp-json\/wp\/v2\/categories?post=2293"},{"taxonomy":"post_tag","embeddable":true,"href":"https:\/\/radiocristianaenlinea.com\/radiocristiana\/wp-json\/wp\/v2\/tags?post=2293"}],"curies":[{"name":"wp","href":"https:\/\/api.w.org\/{rel}","templated":true}]}}