{"id":2314,"date":"2017-07-13T16:56:00","date_gmt":"2017-07-13T21:56:00","guid":{"rendered":"https:\/\/radiocristianaenlinea.com\/radiocristiana\/?p=2314"},"modified":"2017-07-14T11:27:06","modified_gmt":"2017-07-14T16:27:06","slug":"te-lo-juro","status":"publish","type":"post","link":"https:\/\/radiocristianaenlinea.com\/radiocristiana\/2017\/07\/13\/te-lo-juro\/","title":{"rendered":"TE LO JURO&#8230;"},"content":{"rendered":"<p>Es muy dif\u00edcil creerle a una persona que te ha enga\u00f1ado o mentido varias veces&#8230; A estas personas los llamamos \u201cHombres sin palabra\u201d&#8230; Lo que ellos no ven, es que sus palabras son importantes! y al no cumplir constantemente con lo que prometen, lamentablemente pierden toda credibilidad!!&#8230; Y la \u00fanica manera de lograr que los dem\u00e1s les tomen en serio, es jurando y prometiendo!!&#8230;<\/p>\n<p><strong>\u00abPero yo os digo: No jur\u00e9is en ninguna manera; ni por el cielo, porque es e<span class=\"text_exposed_show\">l trono de Dios; ni por la tierra, porque es el estrado de sus pies; ni por Jerusal\u00e9n, porque es la ciudad del gran Rey. Ni por tu cabeza jurar\u00e1s, porque no puedes hacer blanco o negro un solo cabello. Pero sea vuestro hablar: S\u00ed, s\u00ed; no, no; porque lo que es m\u00e1s de esto, de mal procede.\u00bb<br \/>\n(Mateo 5:34-37)<\/span><\/strong><\/p>\n<div class=\"text_exposed_show\">\n<p>Jes\u00fas desea que le des valor a tus palabras!, y no seas de las personas que necesitan prometer o jurar para que los dem\u00e1s crean lo que dices!!&#8230; Que sea suficiente con un s\u00ed o un no para que todos te crean!!, que tu manera de hablar sea: S\u00ed, s\u00ed, o no, no!!&#8230; Porque lo exceda a esto, no es bueno!!&#8230; porque viene del Maligno!!&#8230;<br \/>\nDebes saber que tus palabras tienen valor!! Pero el enemigo quiere hacerte ver que no valen nada!!&#8230;<\/p>\n<p><strong>\u201cCuando a Dios haces promesa, no tardes en cumplirla; porque \u00e9l no se complace en los insensatos. Cumple lo que prometes. Mejor es que no prometas, y no que prometas y no cumplas. No dejes que tu boca te haga pecar\u2026\u201d\u00a0<\/strong><br \/>\n<strong>(Eclesiast\u00e9s 5:4-6)<\/strong><\/p>\n<p>Dios quiere que cumplas lo que dices, y con mayor raz\u00f3n cuando te comprometes con El!!, al faltar a tu palabra, lo que haces es incumplir con tu deber!!.<br \/>\nA veces hacemos muchas promesas a Dios sin siquiera tener idea de c\u00f3mo realizarlas!!&#8230; Recuerda que siempre ser\u00e1 mejor no prometer, que prometer y no cumplir!!, sin embargo, nunca es tarde para empezar de nuevo! y comprometerte a servir a Dios con tus palabras\u2026<\/p>\n<p><strong>\u00abPon guarda a mi boca, oh Jehov\u00e1; guarda la puerta de mis labios.\u00bb\u00a0<\/strong><br \/>\n<strong>(Salmo 141:3)<\/strong><\/p>\n<p>Debemos entender que las palabras tienen consecuencias y mientras no les demos la importancia necesaria, estas ser\u00e1n sin duda negativas!!&#8230;<\/p>\n<p>Amigo!!&#8230; Si sueles prometer y no cumplir&#8230; Yo te animo a que ores y le digas a Dios que te ayude a guardar tu boca!.. Si ya has hecho promesas, dales el valor que tienen!, es tiempo que comiences a cumplir con lo que te comprometiste, de tal modo que nadie dude de ti!&#8230; porque honras tus palabras con tu conducta!!&#8230;<\/p>\n<p>Recuerda siempre que Dios le ha dado un poder a tus palabras!! As\u00ed que no le quites el valor!!&#8230;<\/p>\n<p>DIOS LOS BENDIGA A TODOS!!<\/p>\n<\/div>\n","protected":false},"excerpt":{"rendered":"<p>Es muy dif\u00edcil creerle a una persona que te ha enga\u00f1ado o mentido varias veces&#8230; A estas personas los llamamos \u201cHombres sin palabra\u201d&#8230; Lo que ellos no ven, es que sus palabras son importantes! y al no cumplir constantemente con lo que prometen, lamentablemente pierden toda credibilidad!!&#8230; Y la \u00fanica manera de lograr que los [&hellip;]<\/p>\n","protected":false},"author":5,"featured_media":2315,"comment_status":"closed","ping_status":"closed","sticky":false,"template":"","format":"standard","meta":{"_crdt_document":"","_monsterinsights_skip_tracking":false,"_monsterinsights_sitenote_active":false,"_monsterinsights_sitenote_note":"","_monsterinsights_sitenote_category":0,"footnotes":""},"categories":[35],"tags":[135,132,48,72,49,134,133],"class_list":{"0":"post-2314","1":"post","2":"type-post","3":"status-publish","4":"format-standard","5":"has-post-thumbnail","6":"hentry","7":"category-jon-alvarado","8":"tag-h-jehova-guarda-la-puerta-de-mis-labios","9":"tag-mateo-534-37","10":"tag-radiocristianaenlinea","11":"tag-radiocristianaenlinea-com","12":"tag-reflexiones-y-dios","13":"tag-salmo-1413","14":"tag-te-lo-juro","16":"post-with-thumbnail","17":"post-with-thumbnail-large"},"aioseo_notices":[],"_links":{"self":[{"href":"https:\/\/radiocristianaenlinea.com\/radiocristiana\/wp-json\/wp\/v2\/posts\/2314","targetHints":{"allow":["GET"]}}],"collection":[{"href":"https:\/\/radiocristianaenlinea.com\/radiocristiana\/wp-json\/wp\/v2\/posts"}],"about":[{"href":"https:\/\/radiocristianaenlinea.com\/radiocristiana\/wp-json\/wp\/v2\/types\/post"}],"author":[{"embeddable":true,"href":"https:\/\/radiocristianaenlinea.com\/radiocristiana\/wp-json\/wp\/v2\/users\/5"}],"replies":[{"embeddable":true,"href":"https:\/\/radiocristianaenlinea.com\/radiocristiana\/wp-json\/wp\/v2\/comments?post=2314"}],"version-history":[{"count":1,"href":"https:\/\/radiocristianaenlinea.com\/radiocristiana\/wp-json\/wp\/v2\/posts\/2314\/revisions"}],"predecessor-version":[{"id":2316,"href":"https:\/\/radiocristianaenlinea.com\/radiocristiana\/wp-json\/wp\/v2\/posts\/2314\/revisions\/2316"}],"wp:featuredmedia":[{"embeddable":true,"href":"https:\/\/radiocristianaenlinea.com\/radiocristiana\/wp-json\/wp\/v2\/media\/2315"}],"wp:attachment":[{"href":"https:\/\/radiocristianaenlinea.com\/radiocristiana\/wp-json\/wp\/v2\/media?parent=2314"}],"wp:term":[{"taxonomy":"category","embeddable":true,"href":"https:\/\/radiocristianaenlinea.com\/radiocristiana\/wp-json\/wp\/v2\/categories?post=2314"},{"taxonomy":"post_tag","embeddable":true,"href":"https:\/\/radiocristianaenlinea.com\/radiocristiana\/wp-json\/wp\/v2\/tags?post=2314"}],"curies":[{"name":"wp","href":"https:\/\/api.w.org\/{rel}","templated":true}]}}