{"id":2319,"date":"2017-07-14T12:24:12","date_gmt":"2017-07-14T17:24:12","guid":{"rendered":"https:\/\/radiocristianaenlinea.com\/radiocristiana\/?p=2319"},"modified":"2017-07-14T13:06:36","modified_gmt":"2017-07-14T18:06:36","slug":"ojos-que-no-ven-corazon-que-no-siente","status":"publish","type":"post","link":"https:\/\/radiocristianaenlinea.com\/radiocristiana\/2017\/07\/14\/ojos-que-no-ven-corazon-que-no-siente\/","title":{"rendered":"OJOS QUE NO VEN, CORAZ\u00d3N QUE NO SIENTE"},"content":{"rendered":"<p>Esta frase ha sido utilizada muchas veces para tratar de huir de la realidad!!&#8230; y significa que mientras no eres testigo de lo que sucede, no te afectar\u00e1!!&#8230;<br \/>\nLo cierto es que por m\u00e1s que intentemos hacernos de la vista gorda frente a lo que est\u00e1 pasando, m\u00e1s nos carcomer\u00e1 por dentro!!&#8230;<\/p>\n<div class=\"text_exposed_show\">\n<p>Solemos tratar de ignorar nuestros sentimientos, limitar el potencial que tenemos, dejar a un lado los problemas, olvidar los momentos de dolor! y hasta aquellas personas que en alg\u00fan momento marcaron nuestra vida!!&#8230;<br \/>\nEstas cosas no deber\u00edan ser ignoradas! Porque aunque no quieras verlo est\u00e1n ah\u00ed y tu coraz\u00f3n lo siente!!&#8230;<\/p>\n<p>Dios nos cre\u00f3 con un alma, un cuerpo y un esp\u00edritu y todo lo que suceda en alguno de ellos, repercutir\u00e1 en los otros dos!&#8230;<\/p>\n<p>Muchas veces pensamos que si ignoramos y no tocamos aquella \u00e1rea de nuestro ser que aun falta ser trabajada por Dios, podremos seguir adelante!!&#8230; Pero seamos honestos!!&#8230; en realidad esto puede causarnos mucho m\u00e1s da\u00f1o del que llegar\u00edamos a pensar!!&#8230;<\/p>\n<p>Amigo!!&#8230; Abre los ojos y mira a tu alrededor, observa dentro de ti y pon toda tu atenci\u00f3n en aquello que est\u00e1 fallando!!&#8230; Intenta recordar qu\u00e9 es lo que provoc\u00f3 que perdieras tu primer amor con Jes\u00fas!! Y lo que hizo que dejaras de ver la luz en medio de la oscuridad!!&#8230;<\/p>\n<p>Cuanto m\u00e1s nos analicemos y reconozcamos que necesitamos ayuda y que requerimos de la mano de Dios!&#8230; entonces podremos sentir con el coraz\u00f3n lo que Dios est\u00e1 haciendo!!<\/p>\n<p><strong>\u201cPorque el coraz\u00f3n de este pueblo se ha vuelto insensible; apenas oigan con los o\u00eddos y han cerrado sus ojos.\u00a0<\/strong><br \/>\n<strong>Para que no vean con los ojos, Y oigan con los o\u00eddos, ni su coraz\u00f3n entienday se conviertan y yo los sane.\u201c<\/strong><br \/>\n<strong>(Hechos 28:27)<\/strong><\/p>\n<p>Hoy te invito a detenerte unos minutos!&#8230; Despierta ese anhelo por ser diferente hoy mismo!! y acepta que necesitas el perd\u00f3n, la misericordia y la gracia de Dios y deja que u vida tenga ese cambio que tanto has esperado!!&#8230;<\/p>\n<p>Que tus ojos vean y tu coraz\u00f3n sienta para que simplemente dejes de de existir y comiences a vivir!!<\/p>\n<p>DIOS LOS BENDIGA A TODOS Y QUE TENGAN EXCELENTE FIN DE SEMANA!!<\/p>\n<\/div>\n","protected":false},"excerpt":{"rendered":"<p>Esta frase ha sido utilizada muchas veces para tratar de huir de la realidad!!&#8230; y significa que mientras no eres testigo de lo que sucede, no te afectar\u00e1!!&#8230; Lo cierto es que por m\u00e1s que intentemos hacernos de la vista gorda frente a lo que est\u00e1 pasando, m\u00e1s nos carcomer\u00e1 por dentro!!&#8230; Solemos tratar de [&hellip;]<\/p>\n","protected":false},"author":5,"featured_media":2322,"comment_status":"closed","ping_status":"closed","sticky":false,"template":"","format":"standard","meta":{"_crdt_document":"","_monsterinsights_skip_tracking":false,"_monsterinsights_sitenote_active":false,"_monsterinsights_sitenote_note":"","_monsterinsights_sitenote_category":0,"footnotes":""},"categories":[35],"tags":[138,137,48,72,49],"class_list":{"0":"post-2319","1":"post","2":"type-post","3":"status-publish","4":"format-standard","5":"has-post-thumbnail","6":"hentry","7":"category-jon-alvarado","8":"tag-hechos-2827","9":"tag-ojos-que-no-ven-corazon-que-no-siente","10":"tag-radiocristianaenlinea","11":"tag-radiocristianaenlinea-com","12":"tag-reflexiones-y-dios","14":"post-with-thumbnail","15":"post-with-thumbnail-large"},"aioseo_notices":[],"_links":{"self":[{"href":"https:\/\/radiocristianaenlinea.com\/radiocristiana\/wp-json\/wp\/v2\/posts\/2319","targetHints":{"allow":["GET"]}}],"collection":[{"href":"https:\/\/radiocristianaenlinea.com\/radiocristiana\/wp-json\/wp\/v2\/posts"}],"about":[{"href":"https:\/\/radiocristianaenlinea.com\/radiocristiana\/wp-json\/wp\/v2\/types\/post"}],"author":[{"embeddable":true,"href":"https:\/\/radiocristianaenlinea.com\/radiocristiana\/wp-json\/wp\/v2\/users\/5"}],"replies":[{"embeddable":true,"href":"https:\/\/radiocristianaenlinea.com\/radiocristiana\/wp-json\/wp\/v2\/comments?post=2319"}],"version-history":[{"count":1,"href":"https:\/\/radiocristianaenlinea.com\/radiocristiana\/wp-json\/wp\/v2\/posts\/2319\/revisions"}],"predecessor-version":[{"id":2320,"href":"https:\/\/radiocristianaenlinea.com\/radiocristiana\/wp-json\/wp\/v2\/posts\/2319\/revisions\/2320"}],"wp:featuredmedia":[{"embeddable":true,"href":"https:\/\/radiocristianaenlinea.com\/radiocristiana\/wp-json\/wp\/v2\/media\/2322"}],"wp:attachment":[{"href":"https:\/\/radiocristianaenlinea.com\/radiocristiana\/wp-json\/wp\/v2\/media?parent=2319"}],"wp:term":[{"taxonomy":"category","embeddable":true,"href":"https:\/\/radiocristianaenlinea.com\/radiocristiana\/wp-json\/wp\/v2\/categories?post=2319"},{"taxonomy":"post_tag","embeddable":true,"href":"https:\/\/radiocristianaenlinea.com\/radiocristiana\/wp-json\/wp\/v2\/tags?post=2319"}],"curies":[{"name":"wp","href":"https:\/\/api.w.org\/{rel}","templated":true}]}}