{"id":2337,"date":"2017-07-18T10:49:25","date_gmt":"2017-07-18T15:49:25","guid":{"rendered":"https:\/\/radiocristianaenlinea.com\/radiocristiana\/?p=2337"},"modified":"2017-07-18T19:59:06","modified_gmt":"2017-07-19T00:59:06","slug":"curar-viejas-heridas","status":"publish","type":"post","link":"https:\/\/radiocristianaenlinea.com\/radiocristiana\/2017\/07\/18\/curar-viejas-heridas\/","title":{"rendered":"CURAR VIEJAS HERIDAS"},"content":{"rendered":"<p>Cuando te encuentras muy estresado, alterado e incapaz de obrar porque te ha ocurrido algo, es importante que separes lo que te aconteci\u00f3 de lo que sientes dentro de ti.<\/p>\n<p>Todos tenemos cicatrices emocionales provocadas por experiencias pasadas, en ocasiones no han sanado por completo, de ah\u00ed que ante una situaci\u00f3n dif\u00edcil, vuelven a abrirse.<\/p>\n<p>Si consideras que podr\u00edas reaccionar desmedidamente ante una situaci\u00f3n dif\u00edcil, o te sientes incapaz de hacerle frente, preguntate lo siguiente:<br \/>\nPor que esta situaci\u00f3n me golpea tan fuerte?<br \/>\nReacciono as\u00ed por lo que me esta ocurriendo, o por lo que me paso en el pasado?<\/p>\n<p><em><strong>ACTIVAR EL INTERRUPTOR<\/strong><\/em><\/p>\n<p>Debemos aplicar la fe y ponernos en acci\u00f3n en tiempos de crisis y desaf\u00edos extremos<br \/>\nEsto consta de 3 etapas:<\/p>\n<p>1. Hacer ajustes internos para controlar tus emociones de forma que no te controlen a ti. Esto te permitir\u00e1 tomar el control de tu vida y responder paso a paso con debida reflexi\u00f3n.<\/p>\n<p>2. Recordar como has perseverado en otras ocasiones ante la adversidad, saliendo mas fortalecido de esa experiencia.<\/p>\n<p>3. Poner toda tu fe en Dios, de forma que aprendas a confiar en \u00e9l, y aceptar ayuda y el est\u00edmulo de otros hermanos que te puedan ayudar a superar la situaci\u00f3n.<\/p>\n<p>Encontramos un innegable poder de sanaci\u00f3n en dar y recibir tambi\u00e9n!!!<\/p>\n<p><b>Conf\u00eda<\/b><strong>\u00a0en Dios y sigue adelante con todo.<\/strong><\/p>\n","protected":false},"excerpt":{"rendered":"<p>Cuando te encuentras muy estresado, alterado e incapaz de obrar porque te ha ocurrido algo, es importante que separes lo que te aconteci\u00f3 de lo que sientes dentro de ti. Todos tenemos cicatrices emocionales provocadas por experiencias pasadas, en ocasiones no han sanado por completo, de ah\u00ed que ante una situaci\u00f3n dif\u00edcil, vuelven a abrirse. [&hellip;]<\/p>\n","protected":false},"author":5,"featured_media":2338,"comment_status":"closed","ping_status":"closed","sticky":false,"template":"","format":"standard","meta":{"_crdt_document":"","_monsterinsights_skip_tracking":false,"_monsterinsights_sitenote_active":false,"_monsterinsights_sitenote_note":"","_monsterinsights_sitenote_category":0,"footnotes":""},"categories":[8],"tags":[155,156,154,157],"class_list":{"0":"post-2337","1":"post","2":"type-post","3":"status-publish","4":"format-standard","5":"has-post-thumbnail","6":"hentry","7":"category-reflexiones","8":"tag-activar-el-interruptor","9":"tag-confia-en-dios-y-sigue-adelante-con-todo","10":"tag-curar-viejas-heridas","11":"tag-debemos-aplicar-la-fe-y-ponernos-en-accion-en-tiempos-de-crisis-y-desafios-extremos-esto-consta-de-3-etapas","13":"post-with-thumbnail","14":"post-with-thumbnail-large"},"aioseo_notices":[],"_links":{"self":[{"href":"https:\/\/radiocristianaenlinea.com\/radiocristiana\/wp-json\/wp\/v2\/posts\/2337","targetHints":{"allow":["GET"]}}],"collection":[{"href":"https:\/\/radiocristianaenlinea.com\/radiocristiana\/wp-json\/wp\/v2\/posts"}],"about":[{"href":"https:\/\/radiocristianaenlinea.com\/radiocristiana\/wp-json\/wp\/v2\/types\/post"}],"author":[{"embeddable":true,"href":"https:\/\/radiocristianaenlinea.com\/radiocristiana\/wp-json\/wp\/v2\/users\/5"}],"replies":[{"embeddable":true,"href":"https:\/\/radiocristianaenlinea.com\/radiocristiana\/wp-json\/wp\/v2\/comments?post=2337"}],"version-history":[{"count":3,"href":"https:\/\/radiocristianaenlinea.com\/radiocristiana\/wp-json\/wp\/v2\/posts\/2337\/revisions"}],"predecessor-version":[{"id":2345,"href":"https:\/\/radiocristianaenlinea.com\/radiocristiana\/wp-json\/wp\/v2\/posts\/2337\/revisions\/2345"}],"wp:featuredmedia":[{"embeddable":true,"href":"https:\/\/radiocristianaenlinea.com\/radiocristiana\/wp-json\/wp\/v2\/media\/2338"}],"wp:attachment":[{"href":"https:\/\/radiocristianaenlinea.com\/radiocristiana\/wp-json\/wp\/v2\/media?parent=2337"}],"wp:term":[{"taxonomy":"category","embeddable":true,"href":"https:\/\/radiocristianaenlinea.com\/radiocristiana\/wp-json\/wp\/v2\/categories?post=2337"},{"taxonomy":"post_tag","embeddable":true,"href":"https:\/\/radiocristianaenlinea.com\/radiocristiana\/wp-json\/wp\/v2\/tags?post=2337"}],"curies":[{"name":"wp","href":"https:\/\/api.w.org\/{rel}","templated":true}]}}