{"id":2360,"date":"2017-07-20T11:15:59","date_gmt":"2017-07-20T16:15:59","guid":{"rendered":"https:\/\/radiocristianaenlinea.com\/radiocristiana\/?p=2360"},"modified":"2017-07-21T23:03:33","modified_gmt":"2017-07-22T04:03:33","slug":"pan-diario","status":"publish","type":"post","link":"https:\/\/radiocristianaenlinea.com\/radiocristiana\/2017\/07\/20\/pan-diario\/","title":{"rendered":"PAN DIARIO 20 JUL 17"},"content":{"rendered":"<p><strong>Eclesiast\u00e9s 3:1-14<\/strong><br \/>\n<strong>Todo tiene su tiempo, y todo lo que se quiere debajo del cielo tiene su hora.<\/strong><\/p>\n<p>Hace poco, mientras viajaba en avi\u00f3n, observ\u00e9 a una madre y sus hijos. Uno de los peque\u00f1os jugaba tranquilo, y ella miraba a los ojos a su reci\u00e9n nacido, le sonre\u00eda y le acariciaba la mejilla. \u00c9l la contemplaba extasiado. Disfrut\u00e9 del momento con cierta melancol\u00eda, al pensar en mis propios hijos a esa edad y en la etapa que ya hab\u00eda pasado.<\/p>\n<p>Sin embargo, reflexion\u00e9 sobre las palabras del rey Salom\u00f3n en el libro de Eclesiast\u00e9s sobre \u00abcada actividad bajo el cielo\u00bb (3:1 NTV). Mediante una serie de opuestos, \u00e9l expresa que \u00abtodo tiene su tiempo\u00bb (v. 1): \u00abtiempo de nacer, y tiempo de morir; tiempo de plantar, y tiempo de arrancar lo plantado\u00bb (v. 2). Quiz\u00e1 el rey Salom\u00f3n se desesperaba en esos vers\u00edculos al ver lo que percib\u00eda como el ciclo insignificante de la vida. Pero tambi\u00e9n reconoci\u00f3 el rol de Dios en cada etapa: que nuestro trabajo es un \u00abdon de Dios\u00bb (v. 13) y que \u00abtodo lo que Dios hace ser\u00e1 perpetuo\u00bb (v. 14).<\/p>\n<p>Podemos recordar \u00e9pocas de nuestra vida con nostalgia, como cuando recordaba a mis hijos cuando eran beb\u00e9s. Sin embargo, sabemos que el Se\u00f1or promete estar con nosotros en cada etapa de nuestra vida (Isa\u00edas 41:10). Podemos contar con su presencia y descubrir que nuestro prop\u00f3sito est\u00e1 en caminar con \u00c9l.<\/p>\n<p>Se\u00f1or, gracias porque me gu\u00edas a trav\u00e9s de cada etapa y siempre est\u00e1s conmigo.<br \/>\nDios nos concede cada etapa de nuestra vida.<\/p>\n","protected":false},"excerpt":{"rendered":"<p>Eclesiast\u00e9s 3:1-14 Todo tiene su tiempo, y todo lo que se quiere debajo del cielo tiene su hora. Hace poco, mientras viajaba en avi\u00f3n, observ\u00e9 a una madre y sus hijos. Uno de los peque\u00f1os jugaba tranquilo, y ella miraba a los ojos a su reci\u00e9n nacido, le sonre\u00eda y le acariciaba la mejilla. \u00c9l [&hellip;]<\/p>\n","protected":false},"author":5,"featured_media":2361,"comment_status":"closed","ping_status":"closed","sticky":false,"template":"","format":"standard","meta":{"_crdt_document":"","_monsterinsights_skip_tracking":false,"_monsterinsights_sitenote_active":false,"_monsterinsights_sitenote_note":"","_monsterinsights_sitenote_category":0,"footnotes":""},"categories":[8],"tags":[52,74,56,176,175,179,177,178,48,72],"class_list":{"0":"post-2360","1":"post","2":"type-post","3":"status-publish","4":"format-standard","5":"has-post-thumbnail","6":"hentry","7":"category-reflexiones","8":"tag-devocional","9":"tag-devocionales","10":"tag-dios","11":"tag-dios-en-cada-etapa","12":"tag-eclesiastes-31-14","13":"tag-el-libro-de-eclesiastes","14":"tag-isaias-4110","15":"tag-las-palabras-del-rey-salomon","16":"tag-radiocristianaenlinea","17":"tag-radiocristianaenlinea-com","19":"post-with-thumbnail","20":"post-with-thumbnail-large"},"aioseo_notices":[],"_links":{"self":[{"href":"https:\/\/radiocristianaenlinea.com\/radiocristiana\/wp-json\/wp\/v2\/posts\/2360","targetHints":{"allow":["GET"]}}],"collection":[{"href":"https:\/\/radiocristianaenlinea.com\/radiocristiana\/wp-json\/wp\/v2\/posts"}],"about":[{"href":"https:\/\/radiocristianaenlinea.com\/radiocristiana\/wp-json\/wp\/v2\/types\/post"}],"author":[{"embeddable":true,"href":"https:\/\/radiocristianaenlinea.com\/radiocristiana\/wp-json\/wp\/v2\/users\/5"}],"replies":[{"embeddable":true,"href":"https:\/\/radiocristianaenlinea.com\/radiocristiana\/wp-json\/wp\/v2\/comments?post=2360"}],"version-history":[{"count":2,"href":"https:\/\/radiocristianaenlinea.com\/radiocristiana\/wp-json\/wp\/v2\/posts\/2360\/revisions"}],"predecessor-version":[{"id":2369,"href":"https:\/\/radiocristianaenlinea.com\/radiocristiana\/wp-json\/wp\/v2\/posts\/2360\/revisions\/2369"}],"wp:featuredmedia":[{"embeddable":true,"href":"https:\/\/radiocristianaenlinea.com\/radiocristiana\/wp-json\/wp\/v2\/media\/2361"}],"wp:attachment":[{"href":"https:\/\/radiocristianaenlinea.com\/radiocristiana\/wp-json\/wp\/v2\/media?parent=2360"}],"wp:term":[{"taxonomy":"category","embeddable":true,"href":"https:\/\/radiocristianaenlinea.com\/radiocristiana\/wp-json\/wp\/v2\/categories?post=2360"},{"taxonomy":"post_tag","embeddable":true,"href":"https:\/\/radiocristianaenlinea.com\/radiocristiana\/wp-json\/wp\/v2\/tags?post=2360"}],"curies":[{"name":"wp","href":"https:\/\/api.w.org\/{rel}","templated":true}]}}