{"id":2377,"date":"2017-07-21T09:51:21","date_gmt":"2017-07-21T14:51:21","guid":{"rendered":"https:\/\/radiocristianaenlinea.com\/radiocristiana\/?p=2377"},"modified":"2017-07-21T23:28:10","modified_gmt":"2017-07-22T04:28:10","slug":"que-es-la-vida","status":"publish","type":"post","link":"https:\/\/radiocristianaenlinea.com\/radiocristiana\/2017\/07\/21\/que-es-la-vida\/","title":{"rendered":"\u00bfQue es la vida?"},"content":{"rendered":"<p>Un hombre rico, mir\u00f3 a trav\u00e9s de su ventana y vio a un hombre pobre recoger algo de su cubo de basura &#8230; \u00c9l dijo, gracias a Dios que no soy pobre.<\/p>\n<p>El hombre pobre, mir\u00f3 a su alrededor y vio a un hombre desnudo que se portaba mal en la calle &#8230; Dijo: Gracias a Dios que no estoy loco.<\/p>\n<p>El loco mir\u00f3 hacia delante y vio una ambulancia llevando a un paciente &#8230; Dijo: Gracias a Dios no estoy enfermo.<\/p>\n<p>Entonces una persona enferma en el hospital vio un carro que llevaba un cad\u00e1ver a la morgue &#8230; Dijo, gracias a Dios que no estoy muerto.<\/p>\n<p>S\u00f3lo una persona muerta no puede agradecer a Dios.<\/p>\n<p>\u00bfPor qu\u00e9 no agradeces a DIOS hoy por todas tus bendiciones y por el regalo de la vida &#8230; por otro hermoso d\u00eda!<\/p>\n<p><em><strong>\u00bfQu\u00e9 es la vida?<\/strong><\/em><\/p>\n<p>Para entender mejor la vida, tienes que ir a 3 lugares:<\/p>\n<p><strong>* 1. Hospital<\/strong><br \/>\n<strong>* 2. Prisi\u00f3n<\/strong><br \/>\n<strong>* 3. Cementerio<\/strong><\/p>\n<p>En el Hospital, usted comprender\u00e1 que nada es m\u00e1s hermoso que la SALUD.<\/p>\n<p>En la Prisi\u00f3n, ver\u00e1s que la <strong>LIBERTAD<\/strong> es lo m\u00e1s preciado.<\/p>\n<p>En el cementerio, te dar\u00e1s cuenta de que la vida no vale nada. El terreno que vamos a caminar hoy ser\u00e1 nuestro techo ma\u00f1ana.<\/p>\n<p>Triste Verdad : Todos vienen con *Nada e iremos con * Nada* &#8230; Por lo tanto, permanezcamos humildes y agradeciendo a Dios en todo momento por todo.<\/p>\n","protected":false},"excerpt":{"rendered":"<p>Un hombre rico, mir\u00f3 a trav\u00e9s de su ventana y vio a un hombre pobre recoger algo de su cubo de basura &#8230; \u00c9l dijo, gracias a Dios que no soy pobre. El hombre pobre, mir\u00f3 a su alrededor y vio a un hombre desnudo que se portaba mal en la calle &#8230; Dijo: Gracias [&hellip;]<\/p>\n","protected":false},"author":5,"featured_media":2378,"comment_status":"closed","ping_status":"closed","sticky":false,"template":"","format":"standard","meta":{"_crdt_document":"","_monsterinsights_skip_tracking":false,"_monsterinsights_sitenote_active":false,"_monsterinsights_sitenote_note":"","_monsterinsights_sitenote_category":0,"footnotes":""},"categories":[8],"tags":[172,53,56,171,48,72,170,49,173,189,188],"class_list":{"0":"post-2377","1":"post","2":"type-post","3":"status-publish","4":"format-standard","5":"has-post-thumbnail","6":"hentry","7":"category-reflexiones","8":"tag-amor","9":"tag-cristo","10":"tag-dios","11":"tag-libertad","12":"tag-radiocristianaenlinea","13":"tag-radiocristianaenlinea-com","14":"tag-reflexiones","15":"tag-reflexiones-y-dios","16":"tag-salud","17":"tag-tienes-que-ir-a-3-lugares","18":"tag-que-es-la-vida","20":"post-with-thumbnail","21":"post-with-thumbnail-large"},"aioseo_notices":[],"_links":{"self":[{"href":"https:\/\/radiocristianaenlinea.com\/radiocristiana\/wp-json\/wp\/v2\/posts\/2377","targetHints":{"allow":["GET"]}}],"collection":[{"href":"https:\/\/radiocristianaenlinea.com\/radiocristiana\/wp-json\/wp\/v2\/posts"}],"about":[{"href":"https:\/\/radiocristianaenlinea.com\/radiocristiana\/wp-json\/wp\/v2\/types\/post"}],"author":[{"embeddable":true,"href":"https:\/\/radiocristianaenlinea.com\/radiocristiana\/wp-json\/wp\/v2\/users\/5"}],"replies":[{"embeddable":true,"href":"https:\/\/radiocristianaenlinea.com\/radiocristiana\/wp-json\/wp\/v2\/comments?post=2377"}],"version-history":[{"count":1,"href":"https:\/\/radiocristianaenlinea.com\/radiocristiana\/wp-json\/wp\/v2\/posts\/2377\/revisions"}],"predecessor-version":[{"id":2379,"href":"https:\/\/radiocristianaenlinea.com\/radiocristiana\/wp-json\/wp\/v2\/posts\/2377\/revisions\/2379"}],"wp:featuredmedia":[{"embeddable":true,"href":"https:\/\/radiocristianaenlinea.com\/radiocristiana\/wp-json\/wp\/v2\/media\/2378"}],"wp:attachment":[{"href":"https:\/\/radiocristianaenlinea.com\/radiocristiana\/wp-json\/wp\/v2\/media?parent=2377"}],"wp:term":[{"taxonomy":"category","embeddable":true,"href":"https:\/\/radiocristianaenlinea.com\/radiocristiana\/wp-json\/wp\/v2\/categories?post=2377"},{"taxonomy":"post_tag","embeddable":true,"href":"https:\/\/radiocristianaenlinea.com\/radiocristiana\/wp-json\/wp\/v2\/tags?post=2377"}],"curies":[{"name":"wp","href":"https:\/\/api.w.org\/{rel}","templated":true}]}}