{"id":2444,"date":"2017-07-27T23:54:05","date_gmt":"2017-07-28T04:54:05","guid":{"rendered":"https:\/\/radiocristianaenlinea.com\/radiocristiana\/?p=2444"},"modified":"2017-07-27T23:54:05","modified_gmt":"2017-07-28T04:54:05","slug":"glez-es-tu-gloria","status":"publish","type":"post","link":"https:\/\/radiocristianaenlinea.com\/radiocristiana\/2017\/07\/27\/glez-es-tu-gloria\/","title":{"rendered":"GLEZ-ES TU GLORIA"},"content":{"rendered":"<p>GLEZ<br \/>\nES TU GLORIA<\/p>\n<p>\u201cYa no camino derrotado, porque la victoria tu me has dado\u2026asi es tu amor\u201d es una de las lineas de \u201cEs tu gloria\u201d, tema con el cual debuta Glez.<\/p>\n<p>Glez es un duo compuesto por Jos\u00e9 y Melanie Gonzalez, una pareja de hermanos puertorrique\u00f1os que demostraron su inclinaci\u00f3n por la m\u00fasica desde muy temprana edad. \u201cEs tu gloria\u201d es el primer sencillo promocional que nos presenta este par de j\u00f3venes talentosos donde destacan sus voces armoniosas de la mano de una letra que celebra el amor de Dios y con el declara su gloria.<\/p>\n<p>Celebrando y dando honor a su herencia escogieron llamarse Glez us\u00e1ndolo como una abreviaci\u00f3n a su apellido Gonzalez.<\/p>\n<p><a href=\"https:\/\/radiocristianaenlinea.com\/radiocristiana\/wp-content\/uploads\/2017\/07\/Glez1.jpg\"><\/a><\/p>\n<p>CONOCE UN POCO MAS A GLEZ<\/p>\n<p>Melanie, una joven emprendedora y llena de vida, naci\u00f3 llena de una sin numero de retos. Vino al mundo con varias condiciones que ocasionaron la perdida de su visi\u00f3n por un ojo a los 4 meses de vida. Mas tarde, a los 6 a\u00f1os estas condiciones causaron que perdiera su vision por completo en su otro ojo. Luego de varios intentos y visitas a especialistas recibieron la noticia de que no hab\u00eda esperanzas de recuperaci\u00f3n.\u00a0 Esta condici\u00f3n no fue impedimento para que esta joven de 28 a\u00f1os se superara en la vida como profesional gradu\u00e1ndose as\u00ed con un bachillerato en Psicolog\u00eda Forense.<\/p>\n<p>&nbsp;<\/p>\n<p>Por su parte, Jos\u00e9, un joven apasionado por las artes, siempre demostr\u00f3 su gusto por la m\u00fasica y el teatro. Desde peque\u00f1o curso sus estudios en una escuela especializada en las bellas artes.\u00a0 Fue all\u00ed donde logr\u00f3 desarrollar a capacidad todos sus talentos. Actualmente este joven de 20 a\u00f1os estudia Psicolog\u00eda en la universidad en su pa\u00eds natal. Tambi\u00e9n se destaca como director del equipo de adoraci\u00f3n en su iglesia local.<\/p>\n<p>&nbsp;<\/p>\n<p>Al ir creciendo se dieron cuenta que sus voces se complementaban la una con la otra muy bien, y su amor por la m\u00fasica creci\u00f3 aun mas.\u00a0 Este amor se convirti\u00f3 en pasi\u00f3n, la cual de la mano de su deseo por adorar a Dios los llev\u00f3 a continuar cantando como duo de una manera mas formal en diverso eventos y su iglesia. Al mismo tiempo Dios comenz\u00f3 a hablar a sus vidas revelando los planes que tenia con ellos a trav\u00e9s de su ministerio, as\u00ed confirmando lo que ellos ya hab\u00edan sentido en sus corazones.<\/p>\n<p>&nbsp;<\/p>\n<p>\u201cComo ministerio deseamos crear m\u00fasica que lleve al pueblo a una experiencia de adoraci\u00f3n \u00fanica de la mano de una palabra que alcance el coraz\u00f3n de grandes y chicos\u201d nos comparte Glez.<\/p>\n<p>&nbsp;<\/p>\n<p><a href=\"https:\/\/radiocristianaenlinea.com\/radiocristiana\/wp-content\/uploads\/2017\/07\/Glez1.jpg\"><img loading=\"lazy\" decoding=\"async\" class=\"alignnone size-full wp-image-2445\" src=\"https:\/\/radiocristianaenlinea.com\/radiocristiana\/wp-content\/uploads\/2017\/07\/Glez1.jpg\" alt=\"\" width=\"700\" height=\"700\" srcset=\"https:\/\/radiocristianaenlinea.com\/radiocristiana\/wp-content\/uploads\/2017\/07\/Glez1.jpg 700w, https:\/\/radiocristianaenlinea.com\/radiocristiana\/wp-content\/uploads\/2017\/07\/Glez1-150x150.jpg 150w, https:\/\/radiocristianaenlinea.com\/radiocristiana\/wp-content\/uploads\/2017\/07\/Glez1-300x300.jpg 300w, https:\/\/radiocristianaenlinea.com\/radiocristiana\/wp-content\/uploads\/2017\/07\/Glez1-50x50.jpg 50w, https:\/\/radiocristianaenlinea.com\/radiocristiana\/wp-content\/uploads\/2017\/07\/Glez1-185x185.jpg 185w, https:\/\/radiocristianaenlinea.com\/radiocristiana\/wp-content\/uploads\/2017\/07\/Glez1-87x87.jpg 87w, https:\/\/radiocristianaenlinea.com\/radiocristiana\/wp-content\/uploads\/2017\/07\/Glez1-166x166.jpg 166w, https:\/\/radiocristianaenlinea.com\/radiocristiana\/wp-content\/uploads\/2017\/07\/Glez1-212x212.jpg 212w, https:\/\/radiocristianaenlinea.com\/radiocristiana\/wp-content\/uploads\/2017\/07\/Glez1-235x235.jpg 235w, https:\/\/radiocristianaenlinea.com\/radiocristiana\/wp-content\/uploads\/2017\/07\/Glez1-318x318.jpg 318w, https:\/\/radiocristianaenlinea.com\/radiocristiana\/wp-content\/uploads\/2017\/07\/Glez1-275x275.jpg 275w, https:\/\/radiocristianaenlinea.com\/radiocristiana\/wp-content\/uploads\/2017\/07\/Glez1-97x97.jpg 97w, https:\/\/radiocristianaenlinea.com\/radiocristiana\/wp-content\/uploads\/2017\/07\/Glez1-66x66.jpg 66w\" sizes=\"auto, (max-width: 700px) 100vw, 700px\" \/><\/a><\/p>\n<p>&nbsp;<\/p>\n<p>&nbsp;<\/p>\n","protected":false},"excerpt":{"rendered":"<p>GLEZ ES TU GLORIA \u201cYa no camino derrotado, porque la victoria tu me has dado\u2026asi es tu amor\u201d es una de las lineas de \u201cEs tu gloria\u201d, tema con el cual debuta Glez. Glez es un duo compuesto por Jos\u00e9 y Melanie Gonzalez, una pareja de hermanos puertorrique\u00f1os que demostraron su inclinaci\u00f3n por la m\u00fasica [&hellip;]<\/p>\n","protected":false},"author":1,"featured_media":2445,"comment_status":"closed","ping_status":"closed","sticky":false,"template":"","format":"standard","meta":{"_crdt_document":"","_monsterinsights_skip_tracking":false,"_monsterinsights_sitenote_active":false,"_monsterinsights_sitenote_note":"","_monsterinsights_sitenote_category":0,"footnotes":""},"categories":[34],"tags":[218,222,217,221,219,220,202,48,72,200],"class_list":{"0":"post-2444","1":"post","2":"type-post","3":"status-publish","4":"format-standard","5":"has-post-thumbnail","6":"hentry","7":"category-musica-nueva","8":"tag-en-tu-gloria","9":"tag-es-tu-gloria","10":"tag-glez","11":"tag-glez-es-tu-gloria","12":"tag-jose-y-melanie-gonzalez","13":"tag-musica-cristiana","14":"tag-musica-nueva","15":"tag-radiocristianaenlinea","16":"tag-radiocristianaenlinea-com","17":"tag-top-10-musica-cristiana","19":"post-with-thumbnail","20":"post-with-thumbnail-large"},"aioseo_notices":[],"_links":{"self":[{"href":"https:\/\/radiocristianaenlinea.com\/radiocristiana\/wp-json\/wp\/v2\/posts\/2444","targetHints":{"allow":["GET"]}}],"collection":[{"href":"https:\/\/radiocristianaenlinea.com\/radiocristiana\/wp-json\/wp\/v2\/posts"}],"about":[{"href":"https:\/\/radiocristianaenlinea.com\/radiocristiana\/wp-json\/wp\/v2\/types\/post"}],"author":[{"embeddable":true,"href":"https:\/\/radiocristianaenlinea.com\/radiocristiana\/wp-json\/wp\/v2\/users\/1"}],"replies":[{"embeddable":true,"href":"https:\/\/radiocristianaenlinea.com\/radiocristiana\/wp-json\/wp\/v2\/comments?post=2444"}],"version-history":[{"count":1,"href":"https:\/\/radiocristianaenlinea.com\/radiocristiana\/wp-json\/wp\/v2\/posts\/2444\/revisions"}],"predecessor-version":[{"id":2446,"href":"https:\/\/radiocristianaenlinea.com\/radiocristiana\/wp-json\/wp\/v2\/posts\/2444\/revisions\/2446"}],"wp:featuredmedia":[{"embeddable":true,"href":"https:\/\/radiocristianaenlinea.com\/radiocristiana\/wp-json\/wp\/v2\/media\/2445"}],"wp:attachment":[{"href":"https:\/\/radiocristianaenlinea.com\/radiocristiana\/wp-json\/wp\/v2\/media?parent=2444"}],"wp:term":[{"taxonomy":"category","embeddable":true,"href":"https:\/\/radiocristianaenlinea.com\/radiocristiana\/wp-json\/wp\/v2\/categories?post=2444"},{"taxonomy":"post_tag","embeddable":true,"href":"https:\/\/radiocristianaenlinea.com\/radiocristiana\/wp-json\/wp\/v2\/tags?post=2444"}],"curies":[{"name":"wp","href":"https:\/\/api.w.org\/{rel}","templated":true}]}}