{"id":2456,"date":"2017-07-31T14:33:01","date_gmt":"2017-07-31T19:33:01","guid":{"rendered":"https:\/\/radiocristianaenlinea.com\/radiocristiana\/?p=2456"},"modified":"2017-08-09T10:06:18","modified_gmt":"2017-08-09T15:06:18","slug":"devocional-del-31-de-julio-2017","status":"publish","type":"post","link":"https:\/\/radiocristianaenlinea.com\/radiocristiana\/2017\/07\/31\/devocional-del-31-de-julio-2017\/","title":{"rendered":"DEVOCIONAL DEL 31 DE JULIO 2017"},"content":{"rendered":"<p><strong>Salv\u00f3los empero por amor de su nombre,<\/strong><br \/>\n<strong>Para hacer notoria su fortaleza.<\/strong><br \/>\n<strong>SALMO 106:8<\/strong><\/p>\n<p>Dios trajo salvaci\u00f3n y libertad a Israel, no por causa de sus m\u00e9ritos o porque el pueblo lo merecer\u00eda y ni siquiera por que lo necesitaran, lo hizo por causa de Su santo Nombre.<\/p>\n<p>A\u00fan en este mismo d\u00eda, Dios continua bendiciendo y guiando a la gente en ascenso por Su escalera espiritual, no porque lo merezcan o porque lo necesitan, pero lo hace a causa de Su Santo Nombre y para demostrar Su poder omnipotente.<\/p>\n<p>El Se\u00f1or Jehov\u00e1 sana el alma enferma, no porque est\u00e9 enferma, sino para guiarla por sendas de justicia por amor de Su Nombre.<\/p>\n<p><strong>Dios le bendiga, feliz inicio de semana.<\/strong><\/p>\n","protected":false},"excerpt":{"rendered":"<p>Salv\u00f3los empero por amor de su nombre, Para hacer notoria su fortaleza. SALMO 106:8 Dios trajo salvaci\u00f3n y libertad a Israel, no por causa de sus m\u00e9ritos o porque el pueblo lo merecer\u00eda y ni siquiera por que lo necesitaran, lo hizo por causa de Su santo Nombre. A\u00fan en este mismo d\u00eda, Dios continua [&hellip;]<\/p>\n","protected":false},"author":5,"featured_media":2458,"comment_status":"closed","ping_status":"closed","sticky":false,"template":"","format":"standard","meta":{"_crdt_document":"","_monsterinsights_skip_tracking":false,"_monsterinsights_sitenote_active":false,"_monsterinsights_sitenote_note":"","_monsterinsights_sitenote_category":0,"footnotes":""},"categories":[3,38],"tags":[52,48,72,247,248,249],"class_list":{"0":"post-2456","1":"post","2":"type-post","3":"status-publish","4":"format-standard","5":"has-post-thumbnail","6":"hentry","7":"category-devocionales","8":"category-pastor-oscar-sanchez","9":"tag-devocional","10":"tag-radiocristianaenlinea","11":"tag-radiocristianaenlinea-com","12":"tag-salmo-1068","13":"tag-salvolos-empero-por-amor-de-su-nombre","14":"tag-su-santo-nombre","16":"post-with-thumbnail","17":"post-with-thumbnail-large"},"aioseo_notices":[],"_links":{"self":[{"href":"https:\/\/radiocristianaenlinea.com\/radiocristiana\/wp-json\/wp\/v2\/posts\/2456","targetHints":{"allow":["GET"]}}],"collection":[{"href":"https:\/\/radiocristianaenlinea.com\/radiocristiana\/wp-json\/wp\/v2\/posts"}],"about":[{"href":"https:\/\/radiocristianaenlinea.com\/radiocristiana\/wp-json\/wp\/v2\/types\/post"}],"author":[{"embeddable":true,"href":"https:\/\/radiocristianaenlinea.com\/radiocristiana\/wp-json\/wp\/v2\/users\/5"}],"replies":[{"embeddable":true,"href":"https:\/\/radiocristianaenlinea.com\/radiocristiana\/wp-json\/wp\/v2\/comments?post=2456"}],"version-history":[{"count":3,"href":"https:\/\/radiocristianaenlinea.com\/radiocristiana\/wp-json\/wp\/v2\/posts\/2456\/revisions"}],"predecessor-version":[{"id":2524,"href":"https:\/\/radiocristianaenlinea.com\/radiocristiana\/wp-json\/wp\/v2\/posts\/2456\/revisions\/2524"}],"wp:featuredmedia":[{"embeddable":true,"href":"https:\/\/radiocristianaenlinea.com\/radiocristiana\/wp-json\/wp\/v2\/media\/2458"}],"wp:attachment":[{"href":"https:\/\/radiocristianaenlinea.com\/radiocristiana\/wp-json\/wp\/v2\/media?parent=2456"}],"wp:term":[{"taxonomy":"category","embeddable":true,"href":"https:\/\/radiocristianaenlinea.com\/radiocristiana\/wp-json\/wp\/v2\/categories?post=2456"},{"taxonomy":"post_tag","embeddable":true,"href":"https:\/\/radiocristianaenlinea.com\/radiocristiana\/wp-json\/wp\/v2\/tags?post=2456"}],"curies":[{"name":"wp","href":"https:\/\/api.w.org\/{rel}","templated":true}]}}