{"id":2500,"date":"2017-08-04T16:27:52","date_gmt":"2017-08-04T21:27:52","guid":{"rendered":"https:\/\/radiocristianaenlinea.com\/radiocristiana\/?p=2500"},"modified":"2017-08-04T16:27:52","modified_gmt":"2017-08-04T21:27:52","slug":"el-es-quien-perdona-todas-tus-inquietudes","status":"publish","type":"post","link":"https:\/\/radiocristianaenlinea.com\/radiocristiana\/2017\/08\/04\/el-es-quien-perdona-todas-tus-inquietudes\/","title":{"rendered":"EL ES QUIEN PERDONA TODAS TUS INQUIETUDES"},"content":{"rendered":"<p style=\"text-align: center;\"><strong>El es quien perdona todas tus inquidades,<\/strong><br \/>\n<strong>El que sana todas tus dolencias<\/strong><\/p>\n<p style=\"text-align: center;\"><strong>Salmo 103:3. <\/strong><\/p>\n<p>La Paz de Cristo sea contigo ! Tenemos a un Dios Sanador , no solo hay Sanidades f\u00edsicas , sino del alma ,aveces estamos mas da\u00f1ados por las situaciones sentimentales ,que f\u00edsicas, el peso de nuestros error es<\/p>\n","protected":false},"excerpt":{"rendered":"<p>El es quien perdona todas tus inquidades, El que sana todas tus dolencias Salmo 103:3. La Paz de Cristo sea contigo ! Tenemos a un Dios Sanador , no solo hay Sanidades f\u00edsicas , sino del alma ,aveces estamos mas da\u00f1ados por las situaciones sentimentales ,que f\u00edsicas, el peso de nuestros error es<\/p>\n","protected":false},"author":5,"featured_media":2501,"comment_status":"closed","ping_status":"closed","sticky":false,"template":"","format":"standard","meta":{"_crdt_document":"","_monsterinsights_skip_tracking":false,"_monsterinsights_sitenote_active":false,"_monsterinsights_sitenote_note":"","_monsterinsights_sitenote_category":0,"footnotes":""},"categories":[8],"tags":[],"class_list":{"0":"post-2500","1":"post","2":"type-post","3":"status-publish","4":"format-standard","5":"has-post-thumbnail","6":"hentry","7":"category-reflexiones","9":"post-with-thumbnail","10":"post-with-thumbnail-large"},"aioseo_notices":[],"_links":{"self":[{"href":"https:\/\/radiocristianaenlinea.com\/radiocristiana\/wp-json\/wp\/v2\/posts\/2500","targetHints":{"allow":["GET"]}}],"collection":[{"href":"https:\/\/radiocristianaenlinea.com\/radiocristiana\/wp-json\/wp\/v2\/posts"}],"about":[{"href":"https:\/\/radiocristianaenlinea.com\/radiocristiana\/wp-json\/wp\/v2\/types\/post"}],"author":[{"embeddable":true,"href":"https:\/\/radiocristianaenlinea.com\/radiocristiana\/wp-json\/wp\/v2\/users\/5"}],"replies":[{"embeddable":true,"href":"https:\/\/radiocristianaenlinea.com\/radiocristiana\/wp-json\/wp\/v2\/comments?post=2500"}],"version-history":[{"count":1,"href":"https:\/\/radiocristianaenlinea.com\/radiocristiana\/wp-json\/wp\/v2\/posts\/2500\/revisions"}],"predecessor-version":[{"id":2502,"href":"https:\/\/radiocristianaenlinea.com\/radiocristiana\/wp-json\/wp\/v2\/posts\/2500\/revisions\/2502"}],"wp:featuredmedia":[{"embeddable":true,"href":"https:\/\/radiocristianaenlinea.com\/radiocristiana\/wp-json\/wp\/v2\/media\/2501"}],"wp:attachment":[{"href":"https:\/\/radiocristianaenlinea.com\/radiocristiana\/wp-json\/wp\/v2\/media?parent=2500"}],"wp:term":[{"taxonomy":"category","embeddable":true,"href":"https:\/\/radiocristianaenlinea.com\/radiocristiana\/wp-json\/wp\/v2\/categories?post=2500"},{"taxonomy":"post_tag","embeddable":true,"href":"https:\/\/radiocristianaenlinea.com\/radiocristiana\/wp-json\/wp\/v2\/tags?post=2500"}],"curies":[{"name":"wp","href":"https:\/\/api.w.org\/{rel}","templated":true}]}}