{"id":2507,"date":"2017-08-07T09:27:59","date_gmt":"2017-08-07T14:27:59","guid":{"rendered":"https:\/\/radiocristianaenlinea.com\/radiocristiana\/?p=2507"},"modified":"2017-08-07T09:27:59","modified_gmt":"2017-08-07T14:27:59","slug":"devocional-de-7-de-agosto-2017","status":"publish","type":"post","link":"https:\/\/radiocristianaenlinea.com\/radiocristiana\/2017\/08\/07\/devocional-de-7-de-agosto-2017\/","title":{"rendered":"DEVOCIONAL DE 7 DE AGOSTO 2017"},"content":{"rendered":"<p style=\"text-align: center;\"><strong>No tendr\u00e1 temor de la nieve por <\/strong><strong>su familia,<\/strong><br \/>\n<strong>Porque toda su familia est\u00e1 <\/strong><strong>vestida de ropas dobles.<\/strong><br \/>\n<strong>PROVERBIOS 31:21<\/strong><\/p>\n<p>Las actitudes no cristianas mueren como resultado de la humildad helada, pero nuestra estatura espiritual vive para ver y sentir la c\u00e1lida temporada de primavera de vida de resurrecci\u00f3n y gloria.<\/p>\n<p>M\u00e1s a\u00fan, despu\u00e9s de pasar a trav\u00e9s de la temporada de muerte del invierno, nuestro \u00e1rbol espiritual se incrementa y se enriquece y se prepara para dar a luz nuevas flores de humildad, belleza y fertilidad.<\/p>\n<p>Que tenga un bendecido d\u00eda.<\/p>\n","protected":false},"excerpt":{"rendered":"<p>No tendr\u00e1 temor de la nieve por su familia, Porque toda su familia est\u00e1 vestida de ropas dobles. PROVERBIOS 31:21 Las actitudes no cristianas mueren como resultado de la humildad helada, pero nuestra estatura espiritual vive para ver y sentir la c\u00e1lida temporada de primavera de vida de resurrecci\u00f3n y gloria. M\u00e1s a\u00fan, despu\u00e9s de [&hellip;]<\/p>\n","protected":false},"author":5,"featured_media":2508,"comment_status":"closed","ping_status":"closed","sticky":false,"template":"","format":"standard","meta":{"_crdt_document":"","_monsterinsights_skip_tracking":false,"_monsterinsights_sitenote_active":false,"_monsterinsights_sitenote_note":"","_monsterinsights_sitenote_category":0,"footnotes":""},"categories":[3,38],"tags":[],"class_list":{"0":"post-2507","1":"post","2":"type-post","3":"status-publish","4":"format-standard","5":"has-post-thumbnail","6":"hentry","7":"category-devocionales","8":"category-pastor-oscar-sanchez","10":"post-with-thumbnail","11":"post-with-thumbnail-large"},"aioseo_notices":[],"_links":{"self":[{"href":"https:\/\/radiocristianaenlinea.com\/radiocristiana\/wp-json\/wp\/v2\/posts\/2507","targetHints":{"allow":["GET"]}}],"collection":[{"href":"https:\/\/radiocristianaenlinea.com\/radiocristiana\/wp-json\/wp\/v2\/posts"}],"about":[{"href":"https:\/\/radiocristianaenlinea.com\/radiocristiana\/wp-json\/wp\/v2\/types\/post"}],"author":[{"embeddable":true,"href":"https:\/\/radiocristianaenlinea.com\/radiocristiana\/wp-json\/wp\/v2\/users\/5"}],"replies":[{"embeddable":true,"href":"https:\/\/radiocristianaenlinea.com\/radiocristiana\/wp-json\/wp\/v2\/comments?post=2507"}],"version-history":[{"count":1,"href":"https:\/\/radiocristianaenlinea.com\/radiocristiana\/wp-json\/wp\/v2\/posts\/2507\/revisions"}],"predecessor-version":[{"id":2509,"href":"https:\/\/radiocristianaenlinea.com\/radiocristiana\/wp-json\/wp\/v2\/posts\/2507\/revisions\/2509"}],"wp:featuredmedia":[{"embeddable":true,"href":"https:\/\/radiocristianaenlinea.com\/radiocristiana\/wp-json\/wp\/v2\/media\/2508"}],"wp:attachment":[{"href":"https:\/\/radiocristianaenlinea.com\/radiocristiana\/wp-json\/wp\/v2\/media?parent=2507"}],"wp:term":[{"taxonomy":"category","embeddable":true,"href":"https:\/\/radiocristianaenlinea.com\/radiocristiana\/wp-json\/wp\/v2\/categories?post=2507"},{"taxonomy":"post_tag","embeddable":true,"href":"https:\/\/radiocristianaenlinea.com\/radiocristiana\/wp-json\/wp\/v2\/tags?post=2507"}],"curies":[{"name":"wp","href":"https:\/\/api.w.org\/{rel}","templated":true}]}}