{"id":2510,"date":"2017-08-07T09:36:26","date_gmt":"2017-08-07T14:36:26","guid":{"rendered":"https:\/\/radiocristianaenlinea.com\/radiocristiana\/?p=2510"},"modified":"2017-08-07T09:36:26","modified_gmt":"2017-08-07T14:36:26","slug":"senor-que-tu-amor-y-tu-esperanza-brillen-a-traves-de-nosotros","status":"publish","type":"post","link":"https:\/\/radiocristianaenlinea.com\/radiocristiana\/2017\/08\/07\/senor-que-tu-amor-y-tu-esperanza-brillen-a-traves-de-nosotros\/","title":{"rendered":"Se\u00f1or, que tu amor y tu esperanza brillen a trav\u00e9s de nosotros."},"content":{"rendered":"<p style=\"text-align: center;\"><strong>No sab\u00eda Mois\u00e9s que la piel de su rostro resplandec\u00eda, despu\u00e9s que hubo hablado con Dios (v. 17).<\/strong><\/p>\n<p style=\"text-align: center;\"><strong>\u00c9xodo 34:29-35<\/strong><\/p>\n<p>Tuve el privilegio de servir cuidando a mi mam\u00e1 en un centro de tratamiento para el c\u00e1ncer. Aun en sus peores d\u00edas, ella le\u00eda la Escritura y oraba por los dem\u00e1s.<\/p>\n<p>Pasaba tiempo con Jes\u00fas todos los d\u00edas y mostraba su fe mediante su dependencia de Dios, sus actos amables y su deseo de animar a los dem\u00e1s y orar por ellos. Ajena al brillo que la gracia amorosa del Se\u00f1or le daba a su rostro sonriente, comparti\u00f3 el amor de Dios hasta el d\u00eda en que \u00c9l la llam\u00f3 a su hogar celestial.<\/p>\n<p>Despu\u00e9s de que Mois\u00e9s pas\u00f3 40 d\u00edas en comuni\u00f3n con Dios (\u00c9xodo 34:28), descendi\u00f3 del Monte Sina\u00ed. No ten\u00eda idea de que su contacto \u00edntimo con el Se\u00f1or hab\u00eda cambiado su apariencia (v. 29). Sin embargo, los israelitas lo notaron (vv. 30-32). Mois\u00e9s sigui\u00f3 encontr\u00e1ndose con Dios e influyendo en las vidas de aquellos que lo rodeaban (vv. 33-35).<\/p>\n<p>Tal vez no veamos c\u00f3mo nuestras experiencias con Dios nos van cambiando, y sin duda, nuestra transformaci\u00f3n no ser\u00e1 tan f\u00edsicamente evidente como el rostro brillante de Mois\u00e9s. Sin embargo, a medida que pasamos tiempo con Dios y le rendimos nuestras vidas m\u00e1s y m\u00e1s cada d\u00eda, podemos reflejar su amor. Dios puede acercar a otros a \u00c9l cuando la evidencia de su presencia brilla en y a trav\u00e9s de nosotros.<\/p>\n<p><em><strong>Se\u00f1or, que tu amor y tu esperanza brillen a trav\u00e9s de nosotros dondequiera que vayamos.<\/strong><\/em><br \/>\n<em><strong>Nuestro tiempo a solas con Dios nos cambia y lleva a otros a su amor.<\/strong><\/em><\/p>\n","protected":false},"excerpt":{"rendered":"<p>No sab\u00eda Mois\u00e9s que la piel de su rostro resplandec\u00eda, despu\u00e9s que hubo hablado con Dios (v. 17). \u00c9xodo 34:29-35 Tuve el privilegio de servir cuidando a mi mam\u00e1 en un centro de tratamiento para el c\u00e1ncer. Aun en sus peores d\u00edas, ella le\u00eda la Escritura y oraba por los dem\u00e1s. Pasaba tiempo con Jes\u00fas [&hellip;]<\/p>\n","protected":false},"author":5,"featured_media":2511,"comment_status":"closed","ping_status":"closed","sticky":false,"template":"","format":"standard","meta":{"_crdt_document":"","_monsterinsights_skip_tracking":false,"_monsterinsights_sitenote_active":false,"_monsterinsights_sitenote_note":"","_monsterinsights_sitenote_category":0,"footnotes":""},"categories":[174],"tags":[],"class_list":{"0":"post-2510","1":"post","2":"type-post","3":"status-publish","4":"format-standard","5":"has-post-thumbnail","6":"hentry","7":"category-pan-diario","9":"post-with-thumbnail","10":"post-with-thumbnail-large"},"aioseo_notices":[],"_links":{"self":[{"href":"https:\/\/radiocristianaenlinea.com\/radiocristiana\/wp-json\/wp\/v2\/posts\/2510","targetHints":{"allow":["GET"]}}],"collection":[{"href":"https:\/\/radiocristianaenlinea.com\/radiocristiana\/wp-json\/wp\/v2\/posts"}],"about":[{"href":"https:\/\/radiocristianaenlinea.com\/radiocristiana\/wp-json\/wp\/v2\/types\/post"}],"author":[{"embeddable":true,"href":"https:\/\/radiocristianaenlinea.com\/radiocristiana\/wp-json\/wp\/v2\/users\/5"}],"replies":[{"embeddable":true,"href":"https:\/\/radiocristianaenlinea.com\/radiocristiana\/wp-json\/wp\/v2\/comments?post=2510"}],"version-history":[{"count":1,"href":"https:\/\/radiocristianaenlinea.com\/radiocristiana\/wp-json\/wp\/v2\/posts\/2510\/revisions"}],"predecessor-version":[{"id":2512,"href":"https:\/\/radiocristianaenlinea.com\/radiocristiana\/wp-json\/wp\/v2\/posts\/2510\/revisions\/2512"}],"wp:featuredmedia":[{"embeddable":true,"href":"https:\/\/radiocristianaenlinea.com\/radiocristiana\/wp-json\/wp\/v2\/media\/2511"}],"wp:attachment":[{"href":"https:\/\/radiocristianaenlinea.com\/radiocristiana\/wp-json\/wp\/v2\/media?parent=2510"}],"wp:term":[{"taxonomy":"category","embeddable":true,"href":"https:\/\/radiocristianaenlinea.com\/radiocristiana\/wp-json\/wp\/v2\/categories?post=2510"},{"taxonomy":"post_tag","embeddable":true,"href":"https:\/\/radiocristianaenlinea.com\/radiocristiana\/wp-json\/wp\/v2\/tags?post=2510"}],"curies":[{"name":"wp","href":"https:\/\/api.w.org\/{rel}","templated":true}]}}