{"id":2528,"date":"2017-08-09T13:59:52","date_gmt":"2017-08-09T18:59:52","guid":{"rendered":"https:\/\/radiocristianaenlinea.com\/radiocristiana\/?p=2528"},"modified":"2017-08-09T13:59:52","modified_gmt":"2017-08-09T18:59:52","slug":"pan-diario-14","status":"publish","type":"post","link":"https:\/\/radiocristianaenlinea.com\/radiocristiana\/2017\/08\/09\/pan-diario-14\/","title":{"rendered":"PAN DIARIO"},"content":{"rendered":"<p><em><strong>\u00c9xodo 32:21-32<\/strong><\/em><br \/>\n<em><strong>[Te ruego] que perdones ahora su pecado, y si no, r\u00e1eme ahora de tu libro que has escrito.\u2026 (v. 32).<\/strong><\/em><\/p>\n<p>Un periodista australiano que pas\u00f3 400 d\u00edas en una c\u00e1rcel egipcia expres\u00f3 sentimientos encontrados cuando lo liberaron. A pesar de su alivio, estaba sumamente preocupado por los amigos que dejaba atr\u00e1s. Era dif\u00edcil despedirse de sus compa\u00f1eros periodistas a quienes hab\u00edan arrestado con \u00e9l.<\/p>\n<p>Mois\u00e9s tambi\u00e9n experiment\u00f3 una gran ansiedad al pensar en dejar atr\u00e1s a sus amigos. Cuando consider\u00f3 perder a su hermano, su hermana y a la naci\u00f3n, que hab\u00edan adorado el becerro de oro mientras \u00e9l estaba con Dios en el Monte Sina\u00ed (\u00c9xodo 32:11-14), intercedi\u00f3 por ellos. Con profunda preocupaci\u00f3n, rog\u00f3: \u00ab[Perdona] ahora su pecado, y si no, r\u00e1eme ahora de tu libro que has escrito\u00bb (v. 32).<\/p>\n<p>M\u00e1s adelante, el ap\u00f3stol Pablo expres\u00f3 una inquietud similar por sus familiares, amigos y compatriotas. Dolido por su falta de fe en Jes\u00fas, Pablo dijo que estar\u00eda dispuesto a dejar su propia relaci\u00f3n con Cristo si ese amor pod\u00eda salvar a sus hermanos (Romanos 9:3).<\/p>\n<p>Al mirar atr\u00e1s, vemos que Mois\u00e9s y Pablo expresaron el coraz\u00f3n de Cristo. Sin embargo, el amor que ellos tan solo pod\u00edan sentir y el sacrificio que solo pod\u00edan ofrecer, se cumplieron en Jes\u00fas, que vino a darnos vida eterna.<\/p>\n<p>Padre, gracias por recordarnos c\u00f3mo es estar dispuestos a vivir y a morir por aquellos que a\u00fan no han entendido cu\u00e1nto los amas.<br \/>\nOcuparse de los dem\u00e1s honra el amor de Jes\u00fas por nosotros.<\/p>\n","protected":false},"excerpt":{"rendered":"<p>\u00c9xodo 32:21-32 [Te ruego] que perdones ahora su pecado, y si no, r\u00e1eme ahora de tu libro que has escrito.\u2026 (v. 32). Un periodista australiano que pas\u00f3 400 d\u00edas en una c\u00e1rcel egipcia expres\u00f3 sentimientos encontrados cuando lo liberaron. A pesar de su alivio, estaba sumamente preocupado por los amigos que dejaba atr\u00e1s. Era dif\u00edcil [&hellip;]<\/p>\n","protected":false},"author":5,"featured_media":2529,"comment_status":"closed","ping_status":"closed","sticky":false,"template":"","format":"standard","meta":{"_crdt_document":"","_monsterinsights_skip_tracking":false,"_monsterinsights_sitenote_active":false,"_monsterinsights_sitenote_note":"","_monsterinsights_sitenote_category":0,"footnotes":""},"categories":[174],"tags":[],"class_list":{"0":"post-2528","1":"post","2":"type-post","3":"status-publish","4":"format-standard","5":"has-post-thumbnail","6":"hentry","7":"category-pan-diario","9":"post-with-thumbnail","10":"post-with-thumbnail-large"},"aioseo_notices":[],"_links":{"self":[{"href":"https:\/\/radiocristianaenlinea.com\/radiocristiana\/wp-json\/wp\/v2\/posts\/2528","targetHints":{"allow":["GET"]}}],"collection":[{"href":"https:\/\/radiocristianaenlinea.com\/radiocristiana\/wp-json\/wp\/v2\/posts"}],"about":[{"href":"https:\/\/radiocristianaenlinea.com\/radiocristiana\/wp-json\/wp\/v2\/types\/post"}],"author":[{"embeddable":true,"href":"https:\/\/radiocristianaenlinea.com\/radiocristiana\/wp-json\/wp\/v2\/users\/5"}],"replies":[{"embeddable":true,"href":"https:\/\/radiocristianaenlinea.com\/radiocristiana\/wp-json\/wp\/v2\/comments?post=2528"}],"version-history":[{"count":1,"href":"https:\/\/radiocristianaenlinea.com\/radiocristiana\/wp-json\/wp\/v2\/posts\/2528\/revisions"}],"predecessor-version":[{"id":2530,"href":"https:\/\/radiocristianaenlinea.com\/radiocristiana\/wp-json\/wp\/v2\/posts\/2528\/revisions\/2530"}],"wp:featuredmedia":[{"embeddable":true,"href":"https:\/\/radiocristianaenlinea.com\/radiocristiana\/wp-json\/wp\/v2\/media\/2529"}],"wp:attachment":[{"href":"https:\/\/radiocristianaenlinea.com\/radiocristiana\/wp-json\/wp\/v2\/media?parent=2528"}],"wp:term":[{"taxonomy":"category","embeddable":true,"href":"https:\/\/radiocristianaenlinea.com\/radiocristiana\/wp-json\/wp\/v2\/categories?post=2528"},{"taxonomy":"post_tag","embeddable":true,"href":"https:\/\/radiocristianaenlinea.com\/radiocristiana\/wp-json\/wp\/v2\/tags?post=2528"}],"curies":[{"name":"wp","href":"https:\/\/api.w.org\/{rel}","templated":true}]}}