{"id":2534,"date":"2017-08-09T14:45:29","date_gmt":"2017-08-09T19:45:29","guid":{"rendered":"https:\/\/radiocristianaenlinea.com\/radiocristiana\/?p=2534"},"modified":"2017-08-09T14:45:29","modified_gmt":"2017-08-09T19:45:29","slug":"con-amor-y-con-pasion","status":"publish","type":"post","link":"https:\/\/radiocristianaenlinea.com\/radiocristiana\/2017\/08\/09\/con-amor-y-con-pasion\/","title":{"rendered":"CON AMOR Y CON PASI\u00d3N"},"content":{"rendered":"<p>La sala de conciertos estaba completa!\u2026 Los boletos se hab\u00edan agotado antes de su presentaci\u00f3n; Uno de los mejores pianistas del mundo era el protagonista de tan grande expectativa!!<\/p>\n<p>Cuando apareci\u00f3 en el escenario fue recibido con una ovaci\u00f3n estruendosa!! luego se hizo un profundo silencio, y sin m\u00e1s se escucharon las primeras notas de la Polonia de Chopin!!\u2026 Conforme iba avanzando en su ejecuci\u00f3n magistral se ve\u00eda la transformaci\u00f3n del artista!!\u2026 La pasi\u00f3n iba creciendo, su rostro reflejaba una concentraci\u00f3n profunda que se reflejaba en cada nota con una emoci\u00f3n tal, que hac\u00eda pensar que tocaba el piano con el coraz\u00f3n y no con las manos!!\u2026<\/p>\n<p>El sudor cubri\u00f3 su frente, Su cabellera se fund\u00eda con el ritmo de su m\u00fasica!! El \u00e9xtasis en la parte alta de su concierto no era exclusividad de la artista, el p\u00fablico estaba paralizado! y en sus rostros se reflejaban las pasiones que el m\u00fasico transmit\u00eda!!\u2026 Con el violento movimiento final se cerr\u00f3 la ejecuci\u00f3n magistral!!\u2026 Los aplausos fueron desbordantes, el p\u00fablico de pie lanzaba gritos de j\u00fabilo y de felicitaci\u00f3n!!\u2026 El artista tuvo que volver al escenario en cinco ocasiones m\u00e1s para recibir el tributo de sus admiradores!!!<\/p>\n<p>Ya una vez en su camerino, los m\u00e1s importantes personajes de la ciudad tuvieron el privilegio de saludarlo personalmente, y entre ellos, se encontr\u00f3 una dama que hizo el siguiente comentario\u2026<br \/>\nMaestro, ha tocado de una manera magistral!!\u2026 Yo dar\u00eda la mitad de mi vida por ejecutar un concierto como Usted lo ha hecho hoy!!<br \/>\nEl artista humildemente le contest\u00f3:<br \/>\n\u2026Yo, ya lo he hecho se\u00f1ora\u2026<br \/>\nLa admiradora agreg\u00f3\u2026<br \/>\nS\u00e9 que se ha preparado durante muchos a\u00f1os, pero expl\u00edqueme\u2026 de d\u00f3nde sale toda la fuerza que usted transmite??!!\u2026<br \/>\nDe la pasi\u00f3n que siento por lo que hago!!\u2026 Esta pasi\u00f3n es la que me impulsa, la que me hace lograr todo en plenitud!!\u2026 Nunca he podido ejecutar una pieza si primero no la siento y cuando logro desesperar esa musa m\u00e1gica dentro de m\u00ed es cuando toco, porque la siento en el alma!!\u2026 De hecho, no creo que pueda lograr algo tan grande sin ella!!\u2026 Es la fuerza que permite realizar grandiosas obras de arte, lo que impulsa a iniciar grandes proyectos!!\u2026 es el motor de la creatividad! Es la fuente de energ\u00eda m\u00e1s poderosa en el coraz\u00f3n de todos los seres humanos!!\u2026<\/p>\n<p>Al igual que el pianista, en nuestras vidas sucede lo mismo!\u2026 hay que sentir la pasi\u00f3n por lo que hacemos!\u2026 Cuando amamos a nuestra familia, nuestro trabajo, a nuestros amigos, cuando abrazamos nuestra fe y tenemos claro por qu\u00e9 y para qu\u00e9 vivimos\u2026 la gente no puede dejar de notar que hay algo diferente!!\u2026 Es esa pasi\u00f3n la que nos permite ser diferentes!!\u2026 destacarnos entre la multitud y ser excelentes en lo que hacemos!!\u2026.<\/p>\n<p style=\"text-align: left;\"><strong>\u00abY todo lo que hag\u00e1is, hacedlo de coraz\u00f3n, como para el Se\u00f1or y no para los hombres\u00bb\u00a0<\/strong><br \/>\n<strong>(Colosenses 3:23)<\/strong><\/p>\n<p>Amigos!!\u2026 Todo lo que hagamos debemos hacerlo con amor!!, como para Dios!!\u2026 No importa la carga que tengas en el lugar donde trabajes\u2026 Si pones el coraz\u00f3n en lo que haces, nunca ser\u00e1s igual a los dem\u00e1s!!<\/p>\n<p>Tu testimonio, Aunque no digas una sola palabra, impactar\u00e1 las vidas de los que te rodean!\u2026 La gente siempre nos observa en silencio y por esa raz\u00f3n es que es necesario buscar hacer todo con amor y pasi\u00f3n!!\u2026<\/p>\n<p>Siempre da tu parte y si puedes un poco m\u00e1s!!, da todo lo mejor de ti!! ver\u00e1s que tu esfuerzo habr\u00e1 valido la pena!!\u2026 Dios bendecir\u00e1 todo lo que hagas si lo haces de coraz\u00f3n y conf\u00edas plenamente en sus promesas!! \u00c9l no te fallar\u00e1!!\u2026<\/p>\n<p><strong>DIOS LOS BENDIGA A TODOS!<\/strong><\/p>\n","protected":false},"excerpt":{"rendered":"<p>La sala de conciertos estaba completa!\u2026 Los boletos se hab\u00edan agotado antes de su presentaci\u00f3n; Uno de los mejores pianistas del mundo era el protagonista de tan grande expectativa!! Cuando apareci\u00f3 en el escenario fue recibido con una ovaci\u00f3n estruendosa!! luego se hizo un profundo silencio, y sin m\u00e1s se escucharon las primeras notas de [&hellip;]<\/p>\n","protected":false},"author":5,"featured_media":2535,"comment_status":"closed","ping_status":"closed","sticky":false,"template":"","format":"standard","meta":{"_crdt_document":"","_monsterinsights_skip_tracking":false,"_monsterinsights_sitenote_active":false,"_monsterinsights_sitenote_note":"","_monsterinsights_sitenote_category":0,"footnotes":""},"categories":[35],"tags":[],"class_list":{"0":"post-2534","1":"post","2":"type-post","3":"status-publish","4":"format-standard","5":"has-post-thumbnail","6":"hentry","7":"category-jon-alvarado","9":"post-with-thumbnail","10":"post-with-thumbnail-large"},"aioseo_notices":[],"_links":{"self":[{"href":"https:\/\/radiocristianaenlinea.com\/radiocristiana\/wp-json\/wp\/v2\/posts\/2534","targetHints":{"allow":["GET"]}}],"collection":[{"href":"https:\/\/radiocristianaenlinea.com\/radiocristiana\/wp-json\/wp\/v2\/posts"}],"about":[{"href":"https:\/\/radiocristianaenlinea.com\/radiocristiana\/wp-json\/wp\/v2\/types\/post"}],"author":[{"embeddable":true,"href":"https:\/\/radiocristianaenlinea.com\/radiocristiana\/wp-json\/wp\/v2\/users\/5"}],"replies":[{"embeddable":true,"href":"https:\/\/radiocristianaenlinea.com\/radiocristiana\/wp-json\/wp\/v2\/comments?post=2534"}],"version-history":[{"count":1,"href":"https:\/\/radiocristianaenlinea.com\/radiocristiana\/wp-json\/wp\/v2\/posts\/2534\/revisions"}],"predecessor-version":[{"id":2536,"href":"https:\/\/radiocristianaenlinea.com\/radiocristiana\/wp-json\/wp\/v2\/posts\/2534\/revisions\/2536"}],"wp:featuredmedia":[{"embeddable":true,"href":"https:\/\/radiocristianaenlinea.com\/radiocristiana\/wp-json\/wp\/v2\/media\/2535"}],"wp:attachment":[{"href":"https:\/\/radiocristianaenlinea.com\/radiocristiana\/wp-json\/wp\/v2\/media?parent=2534"}],"wp:term":[{"taxonomy":"category","embeddable":true,"href":"https:\/\/radiocristianaenlinea.com\/radiocristiana\/wp-json\/wp\/v2\/categories?post=2534"},{"taxonomy":"post_tag","embeddable":true,"href":"https:\/\/radiocristianaenlinea.com\/radiocristiana\/wp-json\/wp\/v2\/tags?post=2534"}],"curies":[{"name":"wp","href":"https:\/\/api.w.org\/{rel}","templated":true}]}}