{"id":2537,"date":"2017-08-10T15:54:23","date_gmt":"2017-08-10T20:54:23","guid":{"rendered":"https:\/\/radiocristianaenlinea.com\/radiocristiana\/?p=2537"},"modified":"2017-08-10T15:54:23","modified_gmt":"2017-08-10T20:54:23","slug":"pan-diario-15","status":"publish","type":"post","link":"https:\/\/radiocristianaenlinea.com\/radiocristiana\/2017\/08\/10\/pan-diario-15\/","title":{"rendered":"PAN DIARIO"},"content":{"rendered":"<p style=\"text-align: center;\"><strong>Salmo 80<\/strong><br \/>\n<strong>Oh Dios, rest\u00e1uranos; haz resplandecer tu rostro, y seremos salvos (v. 3).<\/strong><\/p>\n<p>Recuerdo el rostro de mi padre. Era dif\u00edcil de leer. Era un hombre bondadoso, pero estoico y reservado. Cuando era peque\u00f1o, sol\u00eda mirar su cara en busca de una sonrisa u otra muestra de afecto. Nuestros rostros nos \u00abdelatan\u00bb: un ce\u00f1o fruncido, una mirada hosca, una sonrisa o unos ojos arrugados revelan lo que sentimos por los dem\u00e1s.<\/p>\n<p>Asaf, el autor del Salmo 80, estaba afligido y quer\u00eda ver el rostro del Se\u00f1or. Mir\u00f3 al norte, desde su posici\u00f3n estrat\u00e9gica en Jerusal\u00e9n, y vio a Israel, el estado hermano de Jud\u00e1, caer bajo el peso del Imperio asirio. Sin su estado tap\u00f3n, Jud\u00e1 era vulnerable a la invasi\u00f3n por todas partes: Asiria al norte, Egipto al sur y las naciones \u00e1rabes al este. La superaban en n\u00famero y ventajas.<\/p>\n<p><strong>Asaf reuni\u00f3 sus temores en una oraci\u00f3n, que repiti\u00f3 tres veces (80:3, 7, 19): \u00abHaz resplandecer tu rostro, y seremos salvos\u00bb. (O, en otras palabras: \u00abD\u00e9jame ver tu sonrisa\u00bb).<\/strong><\/p>\n<p>Es bueno apartar la vista de nuestros temores y buscar el rostro de nuestro Padre celestial. La mejor manera de ver el rostro de Dios es mirar la cruz. Eso es lo que lo \u00abdelata\u00bb (Juan 3:16).<\/p>\n<p>As\u00ed que, puedes estar seguro de esto: Cuando tu Padre te mira, tiene una gran sonrisa en su rostro. \u00a1Est\u00e1s a salvo!<\/p>\n<p>P\u00eddele a Dios que haga resplandecer su rostro sobre ti. Trata de usar este salmo o alg\u00fan otro como una oraci\u00f3n.<br \/>\n<strong>El amor de Cristo por nosotros se extiende como sus brazos en la cruz.<\/strong><\/p>\n","protected":false},"excerpt":{"rendered":"<p>Salmo 80 Oh Dios, rest\u00e1uranos; haz resplandecer tu rostro, y seremos salvos (v. 3). Recuerdo el rostro de mi padre. Era dif\u00edcil de leer. Era un hombre bondadoso, pero estoico y reservado. Cuando era peque\u00f1o, sol\u00eda mirar su cara en busca de una sonrisa u otra muestra de afecto. Nuestros rostros nos \u00abdelatan\u00bb: un ce\u00f1o [&hellip;]<\/p>\n","protected":false},"author":5,"featured_media":2538,"comment_status":"closed","ping_status":"closed","sticky":false,"template":"","format":"standard","meta":{"_crdt_document":"","_monsterinsights_skip_tracking":false,"_monsterinsights_sitenote_active":false,"_monsterinsights_sitenote_note":"","_monsterinsights_sitenote_category":0,"footnotes":""},"categories":[174],"tags":[],"class_list":{"0":"post-2537","1":"post","2":"type-post","3":"status-publish","4":"format-standard","5":"has-post-thumbnail","6":"hentry","7":"category-pan-diario","9":"post-with-thumbnail","10":"post-with-thumbnail-large"},"aioseo_notices":[],"_links":{"self":[{"href":"https:\/\/radiocristianaenlinea.com\/radiocristiana\/wp-json\/wp\/v2\/posts\/2537","targetHints":{"allow":["GET"]}}],"collection":[{"href":"https:\/\/radiocristianaenlinea.com\/radiocristiana\/wp-json\/wp\/v2\/posts"}],"about":[{"href":"https:\/\/radiocristianaenlinea.com\/radiocristiana\/wp-json\/wp\/v2\/types\/post"}],"author":[{"embeddable":true,"href":"https:\/\/radiocristianaenlinea.com\/radiocristiana\/wp-json\/wp\/v2\/users\/5"}],"replies":[{"embeddable":true,"href":"https:\/\/radiocristianaenlinea.com\/radiocristiana\/wp-json\/wp\/v2\/comments?post=2537"}],"version-history":[{"count":1,"href":"https:\/\/radiocristianaenlinea.com\/radiocristiana\/wp-json\/wp\/v2\/posts\/2537\/revisions"}],"predecessor-version":[{"id":2539,"href":"https:\/\/radiocristianaenlinea.com\/radiocristiana\/wp-json\/wp\/v2\/posts\/2537\/revisions\/2539"}],"wp:featuredmedia":[{"embeddable":true,"href":"https:\/\/radiocristianaenlinea.com\/radiocristiana\/wp-json\/wp\/v2\/media\/2538"}],"wp:attachment":[{"href":"https:\/\/radiocristianaenlinea.com\/radiocristiana\/wp-json\/wp\/v2\/media?parent=2537"}],"wp:term":[{"taxonomy":"category","embeddable":true,"href":"https:\/\/radiocristianaenlinea.com\/radiocristiana\/wp-json\/wp\/v2\/categories?post=2537"},{"taxonomy":"post_tag","embeddable":true,"href":"https:\/\/radiocristianaenlinea.com\/radiocristiana\/wp-json\/wp\/v2\/tags?post=2537"}],"curies":[{"name":"wp","href":"https:\/\/api.w.org\/{rel}","templated":true}]}}