{"id":2543,"date":"2017-08-10T18:33:09","date_gmt":"2017-08-10T23:33:09","guid":{"rendered":"https:\/\/radiocristianaenlinea.com\/radiocristiana\/?p=2543"},"modified":"2017-08-10T18:38:26","modified_gmt":"2017-08-10T23:38:26","slug":"en-medio-de-la-crisis-en-venezuela-kike-castaneda-nos-invita-a-tener-un-corazon-agradecido","status":"publish","type":"post","link":"https:\/\/radiocristianaenlinea.com\/radiocristiana\/2017\/08\/10\/en-medio-de-la-crisis-en-venezuela-kike-castaneda-nos-invita-a-tener-un-corazon-agradecido\/","title":{"rendered":"EN MEDIO DE LA CRISIS EN VENEZUELA, KIKE CASTA\u00d1EDA NOS INVITA A TENER UN \u201cCORAZ\u00d3N AGRADECIDO\u00bb"},"content":{"rendered":"<p>&nbsp;<\/p>\n<p><a href=\"https:\/\/radiocristianaenlinea.com\/radiocristiana\/wp-content\/uploads\/2017\/08\/Cover-2.jpg\"><img loading=\"lazy\" decoding=\"async\" class=\"alignnone wp-image-2544\" src=\"https:\/\/radiocristianaenlinea.com\/radiocristiana\/wp-content\/uploads\/2017\/08\/Cover-2.jpg\" alt=\"\" width=\"536\" height=\"198\" srcset=\"https:\/\/radiocristianaenlinea.com\/radiocristiana\/wp-content\/uploads\/2017\/08\/Cover-2.jpg 1351w, https:\/\/radiocristianaenlinea.com\/radiocristiana\/wp-content\/uploads\/2017\/08\/Cover-2-300x111.jpg 300w, https:\/\/radiocristianaenlinea.com\/radiocristiana\/wp-content\/uploads\/2017\/08\/Cover-2-768x284.jpg 768w, https:\/\/radiocristianaenlinea.com\/radiocristiana\/wp-content\/uploads\/2017\/08\/Cover-2-1024x379.jpg 1024w, https:\/\/radiocristianaenlinea.com\/radiocristiana\/wp-content\/uploads\/2017\/08\/Cover-2-950x352.jpg 950w\" sizes=\"auto, (max-width: 536px) 100vw, 536px\" \/><\/a><\/p>\n<audio class=\"wp-audio-shortcode\" id=\"audio-2543-1\" preload=\"none\" style=\"width: 100%;\" controls=\"controls\"><source type=\"audio\/mpeg\" src=\"https:\/\/radiocristianaenlinea.com\/radiocristiana\/wp-content\/uploads\/2017\/08\/Kike-Casta\u00f1eda-Coraz\u00f3n-Agradecido.mp3?_=1\" \/><a href=\"https:\/\/radiocristianaenlinea.com\/radiocristiana\/wp-content\/uploads\/2017\/08\/Kike-Casta\u00f1eda-Coraz\u00f3n-Agradecido.mp3\">https:\/\/radiocristianaenlinea.com\/radiocristiana\/wp-content\/uploads\/2017\/08\/Kike-Casta\u00f1eda-Coraz\u00f3n-Agradecido.mp3<\/a><\/audio>\n<p>Luego del lanzamiento de su primer sencillo \u201cTe Bendecir\u00e9\u201d, el Salmista Venezolano nos presenta el segundo promocional de su disco \u201cCoraz\u00f3n Agradecido\u201d. Acerca del lanzamiento y la situaci\u00f3n en Venezu<\/p>\n<audio class=\"wp-audio-shortcode\" id=\"audio-2543-2\" preload=\"none\" style=\"width: 100%;\" controls=\"controls\"><source type=\"audio\/mpeg\" src=\"https:\/\/radiocristianaenlinea.com\/radiocristiana\/wp-content\/uploads\/2017\/08\/Kike-Casta\u00f1eda-Coraz\u00f3n-Agradecido.mp3?_=2\" \/><a href=\"https:\/\/radiocristianaenlinea.com\/radiocristiana\/wp-content\/uploads\/2017\/08\/Kike-Casta\u00f1eda-Coraz\u00f3n-Agradecido.mp3\">https:\/\/radiocristianaenlinea.com\/radiocristiana\/wp-content\/uploads\/2017\/08\/Kike-Casta\u00f1eda-Coraz\u00f3n-Agradecido.mp3<\/a><\/audio>\n<p>ela, Kike nos comenta: \u201cMuchas personas piensan que no es el tiempo para hacer lanzamiento de canciones ni discos por la crisis que se vive en nuestro pa\u00eds, yo pienso lo contrario, con nuestras canciones buscamos que las personas se conecten con Dios, y en el proceso que actualmente experimenta Venezuela es lo que m\u00e1s necesitamos; estar conectados a nuestro Creador. Las adversidades forman nuestro car\u00e1cter, lo que hoy vivimos en Venezuela ha permitido que nos unamos como iglesia y clamemos a Dios a una sola voz, sin barreras denominacionales; y lo m\u00e1s importante de todo es que \u00c9l est\u00e1 escuchando la oraci\u00f3n de su pueblo y pronto responder\u00e1 con justicia y paz. Seguiremos orando y dando gracias como nos recomienda el ap\u00f3stol Pablo en la carta a los Colosenses 4:2:<em> Ded\u00edquense a la oraci\u00f3n: perseveren en ella con agradecimiento<\/em>.\u201d<\/p>\n<p>&nbsp;<\/p>\n<p>El tema es una balada muy \u00edntima que refleja de lo que Kike siente en su coraz\u00f3n por todo lo que Dios ha hecho en su vida y la de su familia, nos motiva de la misma forma a dar gracias a Dios por lo que somos, por lo que tenemos y por lo que vendr\u00e1. Est\u00e1 inspirado en Salmos 28:7: \u201c<em>El Se\u00f1or es mi fuerza y mi escudo; mi coraz\u00f3n en \u00c9l conf\u00eda; de \u00c9l recibo ayuda. Mi coraz\u00f3n salta de alegr\u00eda, y con c\u00e1nticos le dar\u00e9 gracias.\u201d<\/em><\/p>\n<p><em>\u00a0<\/em><\/p>\n<p>La canci\u00f3n fue producida por Isa\u00ed Romero, con guitarras de Dany Gamarra, bater\u00edas: Daniel Melendez, coros: Eliannys Romero y bajos del mismo productor. La mezcla y el master estuvieron a cargo de Aziel Kovach. El tema fue estrenado con un videolyric producido por 2aEditions y Light Producciones, pueden disfrutarlo en la siguiente direcci\u00f3n de youtube <a href=\"https:\/\/youtu.be\/XUic9R9l5FQ\">https:\/\/youtu.be\/XUic9R9l5FQ<\/a>. El lanzamiento del disco completo se espera sea en agosto del presente a\u00f1o.<\/p>\n<p><iframe loading=\"lazy\" width=\"560\" height=\"374\" src=\"https:\/\/www.youtube.com\/embed\/XUic9R9l5FQ\" frameborder=\"0\" allowfullscreen><\/iframe><\/p>\n<p><em>\u00a0<\/em><\/p>\n<p><strong>Acerca de Kike Casta\u00f1eda<\/strong><\/p>\n<p>Kike Casta\u00f1eda es un compositor y cantante de m\u00fasica cristiana nacido en Venezuela, director de alabanzas del Centro Cristiano Renuevo en El Tigre \u2013 Estado Anzo\u00e1tegui. Desde muy joven mostr\u00f3 su profunda pasi\u00f3n por el servicio a Dios, creativo, so\u00f1ador, visionario, disciplinado con lo que hace, siempre busca la excelencia. \u00c9l es muestra de que los sue\u00f1os que Dios coloca en el coraz\u00f3n se hacen realidad. Con sus canciones busca inspirar a ser agradecidos con Dios, sin importar las circunstancias que est\u00e9n viviendo.<\/p>\n<p>&nbsp;<\/p>\n<p><strong>Para m\u00e1s informaci\u00f3n:<\/strong><\/p>\n<p>Email: kikecmusic@gmail.com<\/p>\n<p>Tel\u00e9fono: +58 4143847823<\/p>\n<p>&nbsp;<\/p>\n<p><strong>Sigue a Kike en las redes sociales:<\/strong><\/p>\n<p>Instagram: @kikeCastanedaL<\/p>\n<p>Facebook: \/KikeCastanedaL<\/p>\n<p>Twitter: @kikeCastanedaL<\/p>\n<p>YouTube: Kike Casta\u00f1ed<\/p>\n","protected":false},"excerpt":{"rendered":"<p>&nbsp; Luego del lanzamiento de su primer sencillo \u201cTe Bendecir\u00e9\u201d, el Salmista Venezolano nos presenta el segundo promocional de su disco \u201cCoraz\u00f3n Agradecido\u201d. Acerca del lanzamiento y la situaci\u00f3n en Venezu ela, Kike nos comenta: \u201cMuchas personas piensan que no es el tiempo para hacer lanzamiento de canciones ni discos por la crisis que se [&hellip;]<\/p>\n","protected":false},"author":1,"featured_media":2545,"comment_status":"closed","ping_status":"closed","sticky":false,"template":"","format":"standard","meta":{"_crdt_document":"","_monsterinsights_skip_tracking":false,"_monsterinsights_sitenote_active":false,"_monsterinsights_sitenote_note":"","_monsterinsights_sitenote_category":0,"footnotes":""},"categories":[34],"tags":[],"class_list":{"0":"post-2543","1":"post","2":"type-post","3":"status-publish","4":"format-standard","5":"has-post-thumbnail","6":"hentry","7":"category-musica-nueva","9":"post-with-thumbnail","10":"post-with-thumbnail-large"},"aioseo_notices":[],"_links":{"self":[{"href":"https:\/\/radiocristianaenlinea.com\/radiocristiana\/wp-json\/wp\/v2\/posts\/2543","targetHints":{"allow":["GET"]}}],"collection":[{"href":"https:\/\/radiocristianaenlinea.com\/radiocristiana\/wp-json\/wp\/v2\/posts"}],"about":[{"href":"https:\/\/radiocristianaenlinea.com\/radiocristiana\/wp-json\/wp\/v2\/types\/post"}],"author":[{"embeddable":true,"href":"https:\/\/radiocristianaenlinea.com\/radiocristiana\/wp-json\/wp\/v2\/users\/1"}],"replies":[{"embeddable":true,"href":"https:\/\/radiocristianaenlinea.com\/radiocristiana\/wp-json\/wp\/v2\/comments?post=2543"}],"version-history":[{"count":5,"href":"https:\/\/radiocristianaenlinea.com\/radiocristiana\/wp-json\/wp\/v2\/posts\/2543\/revisions"}],"predecessor-version":[{"id":2552,"href":"https:\/\/radiocristianaenlinea.com\/radiocristiana\/wp-json\/wp\/v2\/posts\/2543\/revisions\/2552"}],"wp:featuredmedia":[{"embeddable":true,"href":"https:\/\/radiocristianaenlinea.com\/radiocristiana\/wp-json\/wp\/v2\/media\/2545"}],"wp:attachment":[{"href":"https:\/\/radiocristianaenlinea.com\/radiocristiana\/wp-json\/wp\/v2\/media?parent=2543"}],"wp:term":[{"taxonomy":"category","embeddable":true,"href":"https:\/\/radiocristianaenlinea.com\/radiocristiana\/wp-json\/wp\/v2\/categories?post=2543"},{"taxonomy":"post_tag","embeddable":true,"href":"https:\/\/radiocristianaenlinea.com\/radiocristiana\/wp-json\/wp\/v2\/tags?post=2543"}],"curies":[{"name":"wp","href":"https:\/\/api.w.org\/{rel}","templated":true}]}}