{"id":2553,"date":"2017-08-11T16:38:18","date_gmt":"2017-08-11T21:38:18","guid":{"rendered":"https:\/\/radiocristianaenlinea.com\/radiocristiana\/?p=2553"},"modified":"2017-08-11T16:38:18","modified_gmt":"2017-08-11T21:38:18","slug":"meditaciones-para-el-alma","status":"publish","type":"post","link":"https:\/\/radiocristianaenlinea.com\/radiocristiana\/2017\/08\/11\/meditaciones-para-el-alma\/","title":{"rendered":"Meditaciones para el alma"},"content":{"rendered":"<p style=\"text-align: center;\"><em><strong>Las ense\u00f1anzas de caf\u00e9.<\/strong><\/em><\/p>\n<p>Una hija se quejaba con su padre acerca de su vida y de c\u00f3mo las cosas le resultaban tan dif\u00edciles. No sab\u00eda como hacer para seguir adelante y cre\u00eda que se dar\u00eda por vencida. Estaba cansada de luchar. Parec\u00eda que cuando solucionaba un problema, aparec\u00eda otro.<\/p>\n<p>Su padre, un chef de cocina, la llev\u00f3 a su lugar de trabajo. All\u00ed llen\u00f3 tres ollas con agua y las coloc\u00f3 sobre el fuego. En una coloc\u00f3 zanahorias, en otra coloc\u00f3 huevos y en la \u00faltima coloc\u00f3granos de caf\u00e9. Las dej\u00f3 hervir. Sin decir palabra.<\/p>\n<p>La hija esper\u00f3 impacientemente, pregunt\u00e1ndose qu\u00e9 estar\u00eda haciendo su padre. A los veinte minutos el padre apag\u00f3 el fuego. Sac\u00f3 las zanahorias y las coloc\u00f3 en un taz\u00f3n. Sac\u00f3 los huevos y los coloc\u00f3 en un plato. Finalmente, col\u00f3 el caf\u00e9 y lo puso en un tercer recipiente.<\/p>\n<p>Mirando a su hija le dijo: \u00abQuerida, \u00bfQu\u00e9 ves?\u00bb; \u00abZanahorias, huevos y caf\u00e9\u00bb fue su respuesta. La hizo acercarse y le pidi\u00f3 que tocara las zanahorias, ella lo hizo y not\u00f3 que estaban blandas. Luego le pidi\u00f3 que tomara un huevo y lo rompiera. Luego de sacarle la c\u00e1scara, observ\u00f3 el huevo duro. Luego le pidi\u00f3 que probara el caf\u00e9. Ella sonri\u00f3 mientras disfrutaba de su rico aroma.<\/p>\n<p>Humildemente la hija pregunt\u00f3: &#8211; \u00ab\u00bfQu\u00e9 significa esto, padre?\u00bb<br \/>\n\u00c9l le explic\u00f3 que los tres elementos hab\u00edan enfrentado la misma adversidad: agua hirviendo, pero hab\u00edan reaccionado en forma diferente. La zanahoria lleg\u00f3 al agua fuerte, dura; pero despu\u00e9s de pasar por el agua hirviendo se hab\u00eda puesto d\u00e9bil, f\u00e1cil de deshacer. El huevo hab\u00eda llegado al agua fr\u00e1gil, su c\u00e1scara fina proteg\u00eda su interior l\u00edquido; pero despu\u00e9s de estar en agua hirviendo, su interior se hab\u00eda endurecido. Los granos de caf\u00e9, sin embargo eran \u00fanicos: despu\u00e9s de estar en agua hirviendo, hab\u00edan cambiado el agua. \u00ab\u00bfCu\u00e1l eres t\u00fa, hija?, Cuando la adversidad llama a tu puerta, \u00bfC\u00f3mo respondes?\u00bb, le pregunt\u00f3 a su hija.<\/p>\n<p>\u00bfEres una zanahoria que parece fuerte pero cuando la adversidad y el dolor te tocan, te vuelves d\u00e9bil y pierdes tu fortaleza? \u00bfEres un huevo, que comienza con un coraz\u00f3n maleable, pose\u00edas un esp\u00edritu fluido, pero despu\u00e9s de una p\u00e9rdida, una crisis, o un problema te has vuelto duro y r\u00edgido? Por fuera te ves igual, pero \u00bfEres amargada y \u00e1spera, con un esp\u00edritu y un coraz\u00f3n endurecido? \u00bfO eres como un grano de caf\u00e9? El caf\u00e9 cambia al agua hirviendo, el elemento que le causa dolor. Cuando el agua llega al punto de ebullici\u00f3n el caf\u00e9 alcanza su mejor sabor.<\/p>\n<p>Si eres como el grano de caf\u00e9, cuando las cosas se ponen peor t\u00fa reaccionas en forma positiva, sin dejarte vencer y haces que las cosas a tu alrededor mejoren, que ante la adversidad exista siempre una luz que ilumina tu camino y el de la gente que te rodea. <strong><em>Esparces con tu fuerza y positivismo el \u00abdulce aroma del caf\u00e9\u00bb.<\/em><\/strong><\/p>\n","protected":false},"excerpt":{"rendered":"<p>Las ense\u00f1anzas de caf\u00e9. Una hija se quejaba con su padre acerca de su vida y de c\u00f3mo las cosas le resultaban tan dif\u00edciles. No sab\u00eda como hacer para seguir adelante y cre\u00eda que se dar\u00eda por vencida. Estaba cansada de luchar. Parec\u00eda que cuando solucionaba un problema, aparec\u00eda otro. Su padre, un chef de [&hellip;]<\/p>\n","protected":false},"author":5,"featured_media":2554,"comment_status":"closed","ping_status":"closed","sticky":false,"template":"","format":"standard","meta":{"_crdt_document":"","_monsterinsights_skip_tracking":false,"_monsterinsights_sitenote_active":false,"_monsterinsights_sitenote_note":"","_monsterinsights_sitenote_category":0,"footnotes":""},"categories":[8],"tags":[],"class_list":{"0":"post-2553","1":"post","2":"type-post","3":"status-publish","4":"format-standard","5":"has-post-thumbnail","6":"hentry","7":"category-reflexiones","9":"post-with-thumbnail","10":"post-with-thumbnail-large"},"aioseo_notices":[],"_links":{"self":[{"href":"https:\/\/radiocristianaenlinea.com\/radiocristiana\/wp-json\/wp\/v2\/posts\/2553","targetHints":{"allow":["GET"]}}],"collection":[{"href":"https:\/\/radiocristianaenlinea.com\/radiocristiana\/wp-json\/wp\/v2\/posts"}],"about":[{"href":"https:\/\/radiocristianaenlinea.com\/radiocristiana\/wp-json\/wp\/v2\/types\/post"}],"author":[{"embeddable":true,"href":"https:\/\/radiocristianaenlinea.com\/radiocristiana\/wp-json\/wp\/v2\/users\/5"}],"replies":[{"embeddable":true,"href":"https:\/\/radiocristianaenlinea.com\/radiocristiana\/wp-json\/wp\/v2\/comments?post=2553"}],"version-history":[{"count":1,"href":"https:\/\/radiocristianaenlinea.com\/radiocristiana\/wp-json\/wp\/v2\/posts\/2553\/revisions"}],"predecessor-version":[{"id":2555,"href":"https:\/\/radiocristianaenlinea.com\/radiocristiana\/wp-json\/wp\/v2\/posts\/2553\/revisions\/2555"}],"wp:featuredmedia":[{"embeddable":true,"href":"https:\/\/radiocristianaenlinea.com\/radiocristiana\/wp-json\/wp\/v2\/media\/2554"}],"wp:attachment":[{"href":"https:\/\/radiocristianaenlinea.com\/radiocristiana\/wp-json\/wp\/v2\/media?parent=2553"}],"wp:term":[{"taxonomy":"category","embeddable":true,"href":"https:\/\/radiocristianaenlinea.com\/radiocristiana\/wp-json\/wp\/v2\/categories?post=2553"},{"taxonomy":"post_tag","embeddable":true,"href":"https:\/\/radiocristianaenlinea.com\/radiocristiana\/wp-json\/wp\/v2\/tags?post=2553"}],"curies":[{"name":"wp","href":"https:\/\/api.w.org\/{rel}","templated":true}]}}