{"id":2560,"date":"2017-08-11T16:50:12","date_gmt":"2017-08-11T21:50:12","guid":{"rendered":"https:\/\/radiocristianaenlinea.com\/radiocristiana\/?p=2560"},"modified":"2017-08-11T16:50:12","modified_gmt":"2017-08-11T21:50:12","slug":"devocional-del-11-de-agosto-del-2017","status":"publish","type":"post","link":"https:\/\/radiocristianaenlinea.com\/radiocristiana\/2017\/08\/11\/devocional-del-11-de-agosto-del-2017\/","title":{"rendered":"DEVOCIONAL DEL 11 DE AGOSTO DEL 2017"},"content":{"rendered":"<p style=\"text-align: center;\"><em><strong>A ordenar a Si\u00f3n a los enlutados, para darles gloria en lugar de ceniza, \u00f3leo de gozo en lugar del luto, manto de alegr\u00eda en lugar del esp\u00edritu angustiado; y ser\u00e1n llamados \u00e1rboles de justicia, plant\u00edo de Jehov\u00e1, para gloria suya.<\/strong><\/em><br \/>\n<em><strong>ISA\u00cdAS 61:3<\/strong><\/em><\/p>\n<p>El manto de alabanza es la segunda vestidura de adorno espiritual para la esposa del Se\u00f1or Jesucristo.<\/p>\n<p>Cuando en medio del dolor buscamos el consuelo de Jesucristo en lugar del consuelo mundano, Jes\u00fas se\u00f1ala y proporciona alivio al coraz\u00f3n.<\/p>\n<p>Hay abundante consolaci\u00f3n en Jesucristo para TODOS los que lloran con dolor ben\u00e9fico.<\/p>\n<p><strong>Dios mide la belleza, el \u00f3leo gozo y las vestiduras de alabanza en porciones iguales a las l\u00e1grimas de dolor.<\/strong><\/p>\n<p>Cuando mezclamos nuestras l\u00e1grimas con santa inclinaci\u00f3n y afinidad con la verdad de Dios y lamentamos la enemistad que contra ella est\u00e1 en nuestra naturaleza humana, Dios preserva estas lagrimas en una redoma a fin de medir y darnos una medida igual de consuelo y bendici\u00f3n.<\/p>\n<p>Dios bendiga su d\u00eda.<\/p>\n","protected":false},"excerpt":{"rendered":"<p>A ordenar a Si\u00f3n a los enlutados, para darles gloria en lugar de ceniza, \u00f3leo de gozo en lugar del luto, manto de alegr\u00eda en lugar del esp\u00edritu angustiado; y ser\u00e1n llamados \u00e1rboles de justicia, plant\u00edo de Jehov\u00e1, para gloria suya. ISA\u00cdAS 61:3 El manto de alabanza es la segunda vestidura de adorno espiritual para [&hellip;]<\/p>\n","protected":false},"author":5,"featured_media":2561,"comment_status":"closed","ping_status":"closed","sticky":false,"template":"","format":"standard","meta":{"_crdt_document":"","_monsterinsights_skip_tracking":false,"_monsterinsights_sitenote_active":false,"_monsterinsights_sitenote_note":"","_monsterinsights_sitenote_category":0,"footnotes":""},"categories":[3,38],"tags":[],"class_list":{"0":"post-2560","1":"post","2":"type-post","3":"status-publish","4":"format-standard","5":"has-post-thumbnail","6":"hentry","7":"category-devocionales","8":"category-pastor-oscar-sanchez","10":"post-with-thumbnail","11":"post-with-thumbnail-large"},"aioseo_notices":[],"_links":{"self":[{"href":"https:\/\/radiocristianaenlinea.com\/radiocristiana\/wp-json\/wp\/v2\/posts\/2560","targetHints":{"allow":["GET"]}}],"collection":[{"href":"https:\/\/radiocristianaenlinea.com\/radiocristiana\/wp-json\/wp\/v2\/posts"}],"about":[{"href":"https:\/\/radiocristianaenlinea.com\/radiocristiana\/wp-json\/wp\/v2\/types\/post"}],"author":[{"embeddable":true,"href":"https:\/\/radiocristianaenlinea.com\/radiocristiana\/wp-json\/wp\/v2\/users\/5"}],"replies":[{"embeddable":true,"href":"https:\/\/radiocristianaenlinea.com\/radiocristiana\/wp-json\/wp\/v2\/comments?post=2560"}],"version-history":[{"count":1,"href":"https:\/\/radiocristianaenlinea.com\/radiocristiana\/wp-json\/wp\/v2\/posts\/2560\/revisions"}],"predecessor-version":[{"id":2562,"href":"https:\/\/radiocristianaenlinea.com\/radiocristiana\/wp-json\/wp\/v2\/posts\/2560\/revisions\/2562"}],"wp:featuredmedia":[{"embeddable":true,"href":"https:\/\/radiocristianaenlinea.com\/radiocristiana\/wp-json\/wp\/v2\/media\/2561"}],"wp:attachment":[{"href":"https:\/\/radiocristianaenlinea.com\/radiocristiana\/wp-json\/wp\/v2\/media?parent=2560"}],"wp:term":[{"taxonomy":"category","embeddable":true,"href":"https:\/\/radiocristianaenlinea.com\/radiocristiana\/wp-json\/wp\/v2\/categories?post=2560"},{"taxonomy":"post_tag","embeddable":true,"href":"https:\/\/radiocristianaenlinea.com\/radiocristiana\/wp-json\/wp\/v2\/tags?post=2560"}],"curies":[{"name":"wp","href":"https:\/\/api.w.org\/{rel}","templated":true}]}}