{"id":2570,"date":"2017-08-12T12:08:14","date_gmt":"2017-08-12T17:08:14","guid":{"rendered":"https:\/\/radiocristianaenlinea.com\/radiocristiana\/?p=2570"},"modified":"2017-08-12T12:08:14","modified_gmt":"2017-08-12T17:08:14","slug":"el-dara-la-medida-adecuada-de-belleza-en-lugar-de-cenizas","status":"publish","type":"post","link":"https:\/\/radiocristianaenlinea.com\/radiocristiana\/2017\/08\/12\/el-dara-la-medida-adecuada-de-belleza-en-lugar-de-cenizas\/","title":{"rendered":"\u00c9l dar\u00e1 la medida adecuada de belleza en lugar de cenizas."},"content":{"rendered":"<p style=\"text-align: center;\"><em><strong>A ordenar a Si\u00f3n a los enlutados, para darles gloria en lugar de ceniza, \u00f3leo de gozo en lugar del luto, manto de alegr\u00eda en lugar del esp\u00edritu angustiado; y ser\u00e1n llamados \u00e1rboles de justicia, plant\u00edo de Jehov\u00e1, para gloria suya.<\/strong><\/em><br \/>\n<em><strong>ISA\u00cdAS 61:3<\/strong><\/em><\/p>\n<p>\u00c9l dar\u00e1 la medida adecuada de belleza en lugar de cenizas.<\/p>\n<p>Cuando estemos postrados en el mont\u00f3n de cenizas del sufrimiento mezclando nuestras l\u00e1grimas con las cenizas de la humildad, \u00c9l levantar\u00e1 en nosotros la belleza de Su resurrecci\u00f3n, la cual nos hace aparecer placenteros.<\/p>\n<p>Dios cambia Su santa alegr\u00eda por nuestras l\u00e1grimas mezcladas con tristeza santa; \u00c9l transformar\u00e1 esta tristeza en \u00f3leo de gozo, que hace brillar el rostro.<\/p>\n<p>La amargura desfigura la apariencia de la cara, en tanto que el \u00f3leo del gozo la embellece y hace brillar con una elegante hermosura.<\/p>\n<p>Dios bendiga su d\u00eda.<\/p>\n","protected":false},"excerpt":{"rendered":"<p>A ordenar a Si\u00f3n a los enlutados, para darles gloria en lugar de ceniza, \u00f3leo de gozo en lugar del luto, manto de alegr\u00eda en lugar del esp\u00edritu angustiado; y ser\u00e1n llamados \u00e1rboles de justicia, plant\u00edo de Jehov\u00e1, para gloria suya. ISA\u00cdAS 61:3 \u00c9l dar\u00e1 la medida adecuada de belleza en lugar de cenizas. Cuando [&hellip;]<\/p>\n","protected":false},"author":5,"featured_media":2571,"comment_status":"closed","ping_status":"closed","sticky":false,"template":"","format":"standard","meta":{"_crdt_document":"","_monsterinsights_skip_tracking":false,"_monsterinsights_sitenote_active":false,"_monsterinsights_sitenote_note":"","_monsterinsights_sitenote_category":0,"footnotes":""},"categories":[8],"tags":[],"class_list":{"0":"post-2570","1":"post","2":"type-post","3":"status-publish","4":"format-standard","5":"has-post-thumbnail","6":"hentry","7":"category-reflexiones","9":"post-with-thumbnail","10":"post-with-thumbnail-large"},"aioseo_notices":[],"_links":{"self":[{"href":"https:\/\/radiocristianaenlinea.com\/radiocristiana\/wp-json\/wp\/v2\/posts\/2570","targetHints":{"allow":["GET"]}}],"collection":[{"href":"https:\/\/radiocristianaenlinea.com\/radiocristiana\/wp-json\/wp\/v2\/posts"}],"about":[{"href":"https:\/\/radiocristianaenlinea.com\/radiocristiana\/wp-json\/wp\/v2\/types\/post"}],"author":[{"embeddable":true,"href":"https:\/\/radiocristianaenlinea.com\/radiocristiana\/wp-json\/wp\/v2\/users\/5"}],"replies":[{"embeddable":true,"href":"https:\/\/radiocristianaenlinea.com\/radiocristiana\/wp-json\/wp\/v2\/comments?post=2570"}],"version-history":[{"count":1,"href":"https:\/\/radiocristianaenlinea.com\/radiocristiana\/wp-json\/wp\/v2\/posts\/2570\/revisions"}],"predecessor-version":[{"id":2572,"href":"https:\/\/radiocristianaenlinea.com\/radiocristiana\/wp-json\/wp\/v2\/posts\/2570\/revisions\/2572"}],"wp:featuredmedia":[{"embeddable":true,"href":"https:\/\/radiocristianaenlinea.com\/radiocristiana\/wp-json\/wp\/v2\/media\/2571"}],"wp:attachment":[{"href":"https:\/\/radiocristianaenlinea.com\/radiocristiana\/wp-json\/wp\/v2\/media?parent=2570"}],"wp:term":[{"taxonomy":"category","embeddable":true,"href":"https:\/\/radiocristianaenlinea.com\/radiocristiana\/wp-json\/wp\/v2\/categories?post=2570"},{"taxonomy":"post_tag","embeddable":true,"href":"https:\/\/radiocristianaenlinea.com\/radiocristiana\/wp-json\/wp\/v2\/tags?post=2570"}],"curies":[{"name":"wp","href":"https:\/\/api.w.org\/{rel}","templated":true}]}}