{"id":2573,"date":"2017-08-14T15:37:59","date_gmt":"2017-08-14T20:37:59","guid":{"rendered":"https:\/\/radiocristianaenlinea.com\/radiocristiana\/?p=2573"},"modified":"2017-08-14T15:37:59","modified_gmt":"2017-08-14T20:37:59","slug":"pan-diario-14-de-agosto-2017","status":"publish","type":"post","link":"https:\/\/radiocristianaenlinea.com\/radiocristiana\/2017\/08\/14\/pan-diario-14-de-agosto-2017\/","title":{"rendered":"PAN DIARIO 14 DE AGOSTO 2017"},"content":{"rendered":"<p style=\"text-align: center;\"><strong><em>Habacuc 3:16-19<\/em><\/strong><br \/>\n<strong><em>El Se\u00f1or es mi fortaleza, el cual hace mis pies como de ciervas\u2026 (v. 19).<\/em><\/strong><\/p>\n<p>Las palabras del doctor le golpearon el coraz\u00f3n. Era c\u00e1ncer. Su mundo se detuvo mientras pensaba en su esposo y sus hijos. Hab\u00edan orado con diligencia, a la espera de otro resultado. \u00bfQu\u00e9 har\u00edan? Mientras las l\u00e1grimas le ca\u00edan por el rostro, susurr\u00f3: \u00abSe\u00f1or, esto est\u00e1 fuera de nuestro control. Por favor, s\u00e9 nuestra fortaleza\u00bb.<\/p>\n<p>\u00bfQu\u00e9 hacemos cuando el pron\u00f3stico es devastador, cuando nuestras circunstancias escapan a nuestro control? \u00bfD\u00f3nde acudimos cuando no parece haber esperanza?<\/p>\n<p>La situaci\u00f3n del profeta Habacuc estaba fuera de su control, y sent\u00eda un temor paralizante. El juicio venidero ser\u00eda catastr\u00f3fico (Habacuc 3:16-17). Sin embargo, en medio del caos inminente, Habacuc decidi\u00f3 vivir por fe (2:4) y gozarse en Dios (3:18). No puso su confianza en sus circunstancias, su capacidad o sus recursos, sino en la bondad y la grandeza de Dios. Su confianza en Dios lo llev\u00f3 a proclamar: \u00abEl Se\u00f1or es mi fortaleza, el cual hace mis pies como de ciervas, y en mis alturas me hace andar\u00bb (v. 19).<\/p>\n<p>Cuando nos enfrentamos a circunstancias dif\u00edciles \u2014enfermedad, crisis familiares y financieras\u2014, nosotros tambi\u00e9n tenemos que poner nuestra fe y confianza en Dios. \u00c9l est\u00e1 con nosotros siempre.<\/p>\n<p style=\"text-align: center;\"><strong><em>Se\u00f1or, gracias por ser \u00abnuestro amparo y fortaleza, nuestro pronto auxilio en las tribulaciones\u00bb <\/em><\/strong><\/p>\n<p style=\"text-align: center;\"><strong><em>(Salmo 46:1).<\/em><\/strong><br \/>\nEn circunstancias dif\u00edciles, podemos confiar en que Dios es nuestra fortaleza.<\/p>\n","protected":false},"excerpt":{"rendered":"<p>Habacuc 3:16-19 El Se\u00f1or es mi fortaleza, el cual hace mis pies como de ciervas\u2026 (v. 19). Las palabras del doctor le golpearon el coraz\u00f3n. Era c\u00e1ncer. Su mundo se detuvo mientras pensaba en su esposo y sus hijos. Hab\u00edan orado con diligencia, a la espera de otro resultado. \u00bfQu\u00e9 har\u00edan? Mientras las l\u00e1grimas le [&hellip;]<\/p>\n","protected":false},"author":5,"featured_media":2574,"comment_status":"closed","ping_status":"closed","sticky":false,"template":"","format":"standard","meta":{"_crdt_document":"","_monsterinsights_skip_tracking":false,"_monsterinsights_sitenote_active":false,"_monsterinsights_sitenote_note":"","_monsterinsights_sitenote_category":0,"footnotes":""},"categories":[174],"tags":[],"class_list":{"0":"post-2573","1":"post","2":"type-post","3":"status-publish","4":"format-standard","5":"has-post-thumbnail","6":"hentry","7":"category-pan-diario","9":"post-with-thumbnail","10":"post-with-thumbnail-large"},"aioseo_notices":[],"_links":{"self":[{"href":"https:\/\/radiocristianaenlinea.com\/radiocristiana\/wp-json\/wp\/v2\/posts\/2573","targetHints":{"allow":["GET"]}}],"collection":[{"href":"https:\/\/radiocristianaenlinea.com\/radiocristiana\/wp-json\/wp\/v2\/posts"}],"about":[{"href":"https:\/\/radiocristianaenlinea.com\/radiocristiana\/wp-json\/wp\/v2\/types\/post"}],"author":[{"embeddable":true,"href":"https:\/\/radiocristianaenlinea.com\/radiocristiana\/wp-json\/wp\/v2\/users\/5"}],"replies":[{"embeddable":true,"href":"https:\/\/radiocristianaenlinea.com\/radiocristiana\/wp-json\/wp\/v2\/comments?post=2573"}],"version-history":[{"count":1,"href":"https:\/\/radiocristianaenlinea.com\/radiocristiana\/wp-json\/wp\/v2\/posts\/2573\/revisions"}],"predecessor-version":[{"id":2575,"href":"https:\/\/radiocristianaenlinea.com\/radiocristiana\/wp-json\/wp\/v2\/posts\/2573\/revisions\/2575"}],"wp:featuredmedia":[{"embeddable":true,"href":"https:\/\/radiocristianaenlinea.com\/radiocristiana\/wp-json\/wp\/v2\/media\/2574"}],"wp:attachment":[{"href":"https:\/\/radiocristianaenlinea.com\/radiocristiana\/wp-json\/wp\/v2\/media?parent=2573"}],"wp:term":[{"taxonomy":"category","embeddable":true,"href":"https:\/\/radiocristianaenlinea.com\/radiocristiana\/wp-json\/wp\/v2\/categories?post=2573"},{"taxonomy":"post_tag","embeddable":true,"href":"https:\/\/radiocristianaenlinea.com\/radiocristiana\/wp-json\/wp\/v2\/tags?post=2573"}],"curies":[{"name":"wp","href":"https:\/\/api.w.org\/{rel}","templated":true}]}}