{"id":2576,"date":"2017-08-14T15:46:19","date_gmt":"2017-08-14T20:46:19","guid":{"rendered":"https:\/\/radiocristianaenlinea.com\/radiocristiana\/?p=2576"},"modified":"2017-08-14T15:46:19","modified_gmt":"2017-08-14T20:46:19","slug":"devocional-del-14-de-agosto-2017","status":"publish","type":"post","link":"https:\/\/radiocristianaenlinea.com\/radiocristiana\/2017\/08\/14\/devocional-del-14-de-agosto-2017\/","title":{"rendered":"DEVOCIONAL DEL 14 DE AGOSTO 2017"},"content":{"rendered":"<p><strong>A ordenar a Si\u00f3n a los enlutados, para darles gloria en lugar de ceniza, \u00f3leo de gozo en lugar del luto, manto de alegr\u00eda en lugar del esp\u00edritu angustiado; y ser\u00e1n llamados \u00e1rboles de justicia, plant\u00edo de Jehov\u00e1, para gloria suya.<\/strong><br \/>\n<strong>ISA\u00cdAS 61:3<\/strong><\/p>\n<p>Dios dar\u00e1 vestiduras de alabanza a cambio de las vestiduras de pesadumbre manchadas por las l\u00e1grimas.<\/p>\n<p>En d\u00eda de acci\u00f3n de gracias los israelitas usaban ropajes de colores en lugar de la ropa com\u00fan y corriente que usaban otros d\u00edas.<\/p>\n<p>Estos ropajes especiales en el \u00e1mbito natural, tipifican las vestiduras interiores de alabanza y gozo que Dios ha prometido para el alma.<\/p>\n<p>Cuando Dios llena el coraz\u00f3n con Su preciosa presencia, el coraz\u00f3n se ensancha con gozosa alabanza y gratitud.<\/p>\n<p>Bendecido inicio de semana.<\/p>\n","protected":false},"excerpt":{"rendered":"<p>A ordenar a Si\u00f3n a los enlutados, para darles gloria en lugar de ceniza, \u00f3leo de gozo en lugar del luto, manto de alegr\u00eda en lugar del esp\u00edritu angustiado; y ser\u00e1n llamados \u00e1rboles de justicia, plant\u00edo de Jehov\u00e1, para gloria suya. ISA\u00cdAS 61:3 Dios dar\u00e1 vestiduras de alabanza a cambio de las vestiduras de pesadumbre [&hellip;]<\/p>\n","protected":false},"author":5,"featured_media":2578,"comment_status":"closed","ping_status":"closed","sticky":false,"template":"","format":"standard","meta":{"_crdt_document":"","_monsterinsights_skip_tracking":false,"_monsterinsights_sitenote_active":false,"_monsterinsights_sitenote_note":"","_monsterinsights_sitenote_category":0,"footnotes":""},"categories":[3,38],"tags":[],"class_list":{"0":"post-2576","1":"post","2":"type-post","3":"status-publish","4":"format-standard","5":"has-post-thumbnail","6":"hentry","7":"category-devocionales","8":"category-pastor-oscar-sanchez","10":"post-with-thumbnail","11":"post-with-thumbnail-large"},"aioseo_notices":[],"_links":{"self":[{"href":"https:\/\/radiocristianaenlinea.com\/radiocristiana\/wp-json\/wp\/v2\/posts\/2576","targetHints":{"allow":["GET"]}}],"collection":[{"href":"https:\/\/radiocristianaenlinea.com\/radiocristiana\/wp-json\/wp\/v2\/posts"}],"about":[{"href":"https:\/\/radiocristianaenlinea.com\/radiocristiana\/wp-json\/wp\/v2\/types\/post"}],"author":[{"embeddable":true,"href":"https:\/\/radiocristianaenlinea.com\/radiocristiana\/wp-json\/wp\/v2\/users\/5"}],"replies":[{"embeddable":true,"href":"https:\/\/radiocristianaenlinea.com\/radiocristiana\/wp-json\/wp\/v2\/comments?post=2576"}],"version-history":[{"count":1,"href":"https:\/\/radiocristianaenlinea.com\/radiocristiana\/wp-json\/wp\/v2\/posts\/2576\/revisions"}],"predecessor-version":[{"id":2579,"href":"https:\/\/radiocristianaenlinea.com\/radiocristiana\/wp-json\/wp\/v2\/posts\/2576\/revisions\/2579"}],"wp:featuredmedia":[{"embeddable":true,"href":"https:\/\/radiocristianaenlinea.com\/radiocristiana\/wp-json\/wp\/v2\/media\/2578"}],"wp:attachment":[{"href":"https:\/\/radiocristianaenlinea.com\/radiocristiana\/wp-json\/wp\/v2\/media?parent=2576"}],"wp:term":[{"taxonomy":"category","embeddable":true,"href":"https:\/\/radiocristianaenlinea.com\/radiocristiana\/wp-json\/wp\/v2\/categories?post=2576"},{"taxonomy":"post_tag","embeddable":true,"href":"https:\/\/radiocristianaenlinea.com\/radiocristiana\/wp-json\/wp\/v2\/tags?post=2576"}],"curies":[{"name":"wp","href":"https:\/\/api.w.org\/{rel}","templated":true}]}}