{"id":2580,"date":"2017-08-14T18:39:08","date_gmt":"2017-08-14T23:39:08","guid":{"rendered":"https:\/\/radiocristianaenlinea.com\/radiocristiana\/?p=2580"},"modified":"2017-08-14T18:39:08","modified_gmt":"2017-08-14T23:39:08","slug":"el-espejo-de-gandhi","status":"publish","type":"post","link":"https:\/\/radiocristianaenlinea.com\/radiocristiana\/2017\/08\/14\/el-espejo-de-gandhi\/","title":{"rendered":"EL ESPEJO DE GANDHI"},"content":{"rendered":"<p>Un d\u00eda le preguntaron a Mahatma Gandhi cu\u00e1les eran los factores que destruyen al ser humano; y \u00e9l respondi\u00f3 as\u00ed:<\/p>\n<p>?La Pol\u00edtica sin principios<br \/>\n?El Placer sin compromiso<br \/>\n?La Riqueza sin trabajo<br \/>\n?La Sabidur\u00eda sin car\u00e1cter<br \/>\n?Los Negocios sin moral<br \/>\n?La Ciencia sin humanidad, y;<br \/>\n?La Oraci\u00f3n sin caridad&#8230;.<\/p>\n<p>Ghandi dijo que la vida le hab\u00eda ense\u00f1ado que:<\/p>\n<p>?La gente es amable, cuando yo soy amable<\/p>\n<p>?Las personas est\u00e1n tristes, cuando yo estoy triste<\/p>\n<p>?Todos me quieren, cuando yo los quiero<\/p>\n<p>?Todos son malos, cuando yo los odio<\/p>\n<p>?Hay caras sonrientes, cuando yo les sonr\u00edo<\/p>\n<p>?Hay caras amargadas, cuando yo estoy amargado<\/p>\n<p>?El mundo es feliz, cuando yo soy feliz<\/p>\n<p>?La gente se enoja, cuando yo estoy enojado<\/p>\n<p>?Las personas son agradecidas, cuando yo soy agradecido<\/p>\n<p>La vida es un espejo; todo es el reflejo propio:<\/p>\n<p>-Si sonr\u00edo, el espejo me devuelve la sonrisa<\/p>\n<p>-La actitud que tome frente a la vida, es la misma que la vida tomar\u00e1 ante m\u00ed<\/p>\n<p>-\u00abEl que quiera ser amado, que antes Ame\u00bb<\/p>\n<p>? No te compliques las cosas; son as\u00ed de simples:<\/p>\n<p>?\u00bfExtra\u00f1as? \u00a1\u00a1\u00a1LLAMA!!!<\/p>\n<p>?\u00bfQuieres ver a alguien?\u00a1\u00a1\u00a1INV\u00cdTALO!!!<\/p>\n<p>?\u00bfQuieres que te comprendan? \u00a1\u00a1\u00a1EXPLICA DE NUEVO Y SE PACIENTE!!!<\/p>\n<p>?\u00bfTienes dudas? \u00a1\u00a1\u00a1PREGUNTA!!!<\/p>\n<p>?\u00bfNo te gusta algo? \u00a1\u00a1\u00a1DES\u00c9CHALO!!!<\/p>\n<p>?\u00bfTe gusta algo? \u00a1\u00a1\u00a1CU\u00cdDALO!!!<\/p>\n<p>?\u00bfTienes metas? \u00a1\u00a1\u00a1C\u00daMPLELAS !!!<\/p>\n<p>? Estar vivo no es lo mismo que VIVIR!!! La vida no son los a\u00f1os; la vida son momentos que la forman d\u00eda a d\u00eda y t\u00fa la mereces.<br \/>\nV\u00edvela de la mejor manera&#8230;.. y cada d\u00eda haz algo que la mejore<br \/>\nS\u00f3lo uno est\u00e1 creando la imagen y puedes hacer que lo que ves en el espejo mejore a voluntad con acciones<br \/>\nNunca mejorar\u00e1 sin que tu hagas que suceda<\/p>\n<p>Yo te Bendigo a ti que est\u00e1s leyendo este mensaje. Bendigo tu coraz\u00f3n, tu vida, tu salud, tus hijos, tu hogar, tu familia, tu trabajo, tus finanzas, tus proyectos ?<\/p>\n<p>Y ahora, a compartirlo; que una bendici\u00f3n no le viene mal a nadie&#8230;<\/p>\n<p>T\u00fa escoges a qui\u00e9n o a qui\u00e9nes quieres compartirlo. S\u00e9 abundante ya que lo que compartes se regresa<\/p>\n","protected":false},"excerpt":{"rendered":"<p>Un d\u00eda le preguntaron a Mahatma Gandhi cu\u00e1les eran los factores que destruyen al ser humano; y \u00e9l respondi\u00f3 as\u00ed: ?La Pol\u00edtica sin principios ?El Placer sin compromiso ?La Riqueza sin trabajo ?La Sabidur\u00eda sin car\u00e1cter ?Los Negocios sin moral ?La Ciencia sin humanidad, y; ?La Oraci\u00f3n sin caridad&#8230;. Ghandi dijo que la vida le [&hellip;]<\/p>\n","protected":false},"author":5,"featured_media":2581,"comment_status":"closed","ping_status":"closed","sticky":false,"template":"","format":"standard","meta":{"_crdt_document":"","_monsterinsights_skip_tracking":false,"_monsterinsights_sitenote_active":false,"_monsterinsights_sitenote_note":"","_monsterinsights_sitenote_category":0,"footnotes":""},"categories":[8],"tags":[],"class_list":{"0":"post-2580","1":"post","2":"type-post","3":"status-publish","4":"format-standard","5":"has-post-thumbnail","6":"hentry","7":"category-reflexiones","9":"post-with-thumbnail","10":"post-with-thumbnail-large"},"aioseo_notices":[],"_links":{"self":[{"href":"https:\/\/radiocristianaenlinea.com\/radiocristiana\/wp-json\/wp\/v2\/posts\/2580","targetHints":{"allow":["GET"]}}],"collection":[{"href":"https:\/\/radiocristianaenlinea.com\/radiocristiana\/wp-json\/wp\/v2\/posts"}],"about":[{"href":"https:\/\/radiocristianaenlinea.com\/radiocristiana\/wp-json\/wp\/v2\/types\/post"}],"author":[{"embeddable":true,"href":"https:\/\/radiocristianaenlinea.com\/radiocristiana\/wp-json\/wp\/v2\/users\/5"}],"replies":[{"embeddable":true,"href":"https:\/\/radiocristianaenlinea.com\/radiocristiana\/wp-json\/wp\/v2\/comments?post=2580"}],"version-history":[{"count":1,"href":"https:\/\/radiocristianaenlinea.com\/radiocristiana\/wp-json\/wp\/v2\/posts\/2580\/revisions"}],"predecessor-version":[{"id":2582,"href":"https:\/\/radiocristianaenlinea.com\/radiocristiana\/wp-json\/wp\/v2\/posts\/2580\/revisions\/2582"}],"wp:featuredmedia":[{"embeddable":true,"href":"https:\/\/radiocristianaenlinea.com\/radiocristiana\/wp-json\/wp\/v2\/media\/2581"}],"wp:attachment":[{"href":"https:\/\/radiocristianaenlinea.com\/radiocristiana\/wp-json\/wp\/v2\/media?parent=2580"}],"wp:term":[{"taxonomy":"category","embeddable":true,"href":"https:\/\/radiocristianaenlinea.com\/radiocristiana\/wp-json\/wp\/v2\/categories?post=2580"},{"taxonomy":"post_tag","embeddable":true,"href":"https:\/\/radiocristianaenlinea.com\/radiocristiana\/wp-json\/wp\/v2\/tags?post=2580"}],"curies":[{"name":"wp","href":"https:\/\/api.w.org\/{rel}","templated":true}]}}