{"id":2583,"date":"2017-08-15T17:32:22","date_gmt":"2017-08-15T22:32:22","guid":{"rendered":"https:\/\/radiocristianaenlinea.com\/radiocristiana\/?p=2583"},"modified":"2017-08-15T17:32:22","modified_gmt":"2017-08-15T22:32:22","slug":"pan-diario-del-15-de-agosto-2017","status":"publish","type":"post","link":"https:\/\/radiocristianaenlinea.com\/radiocristiana\/2017\/08\/15\/pan-diario-del-15-de-agosto-2017\/","title":{"rendered":"PAN DIARIO DEL 15 DE AGOSTO 2017"},"content":{"rendered":"<p style=\"text-align: center;\"><em><strong>Salmo 91<\/strong><\/em><br \/>\n<em><strong>Con sus plumas te cubrir\u00e1, y debajo de sus alas estar\u00e1s seguro\u2026 (v. 4).<\/strong><\/em><\/p>\n<p>Cuando pienso en la protecci\u00f3n, no suelo pensar en las plumas de un ave. Pero, aunque estas pueden parecer una forma fr\u00e1gil de protecci\u00f3n, las apariencias enga\u00f1an.<\/p>\n<p>Las plumas de las aves son un ejemplo maravilloso del dise\u00f1o de Dios. Tienen una parte suave y una esponjosa. La parte suave tiene puntas r\u00edgidas con peque\u00f1os ganchos que se entrelazan como los dientes de un cierre. La parte esponjosa le da calor al ave. Juntas, ambas partes protegen al p\u00e1jaro del viento y la lluvia. Sin embargo, como los pichones est\u00e1n cubiertos de una pelusa y sus plumas no se han desarrollado del todo, la madre tiene que cubrirlos con sus propias plumas para protegerlos del viento y la lluvia.<\/p>\n<p>La imagen de Dios que nos cubre \u00abcon sus plumas\u00bb en el Salmo 91:4 y en otros pasajes (ver Salmo 17:8) proporciona consuelo y protecci\u00f3n. Nos viene a la mente una madre p\u00e1jaro que cubre a sus peque\u00f1os con sus plumas. Al igual que un padre cuyos brazos son un refugio seguro de una tormenta o una herida, la presencia reconfortante de Dios proporciona seguridad y protecci\u00f3n de las tormentas emocionales de la vida.<\/p>\n<p><em><strong>Aunque atravesemos problemas y angustias, podemos enfrentarlos sin temor, siempre y cuando miremos a Dios. \u00c9l es nuestro \u00abrefugio\u00bb (91:2, 4, 9 LBLA). LW<\/strong><\/em><\/p>\n<p>Padre, gracias por ser m\u00e1s grande<br \/>\nque cualquiera de mis temores.<\/p>\n<p>Cuando el temor borra la esperanza, Dios es nuestro refugio siempre presente.<\/p>\n","protected":false},"excerpt":{"rendered":"<p>Salmo 91 Con sus plumas te cubrir\u00e1, y debajo de sus alas estar\u00e1s seguro\u2026 (v. 4). Cuando pienso en la protecci\u00f3n, no suelo pensar en las plumas de un ave. Pero, aunque estas pueden parecer una forma fr\u00e1gil de protecci\u00f3n, las apariencias enga\u00f1an. Las plumas de las aves son un ejemplo maravilloso del dise\u00f1o de [&hellip;]<\/p>\n","protected":false},"author":5,"featured_media":2584,"comment_status":"closed","ping_status":"closed","sticky":false,"template":"","format":"standard","meta":{"_crdt_document":"","_monsterinsights_skip_tracking":false,"_monsterinsights_sitenote_active":false,"_monsterinsights_sitenote_note":"","_monsterinsights_sitenote_category":0,"footnotes":""},"categories":[174],"tags":[],"class_list":{"0":"post-2583","1":"post","2":"type-post","3":"status-publish","4":"format-standard","5":"has-post-thumbnail","6":"hentry","7":"category-pan-diario","9":"post-with-thumbnail","10":"post-with-thumbnail-large"},"aioseo_notices":[],"_links":{"self":[{"href":"https:\/\/radiocristianaenlinea.com\/radiocristiana\/wp-json\/wp\/v2\/posts\/2583","targetHints":{"allow":["GET"]}}],"collection":[{"href":"https:\/\/radiocristianaenlinea.com\/radiocristiana\/wp-json\/wp\/v2\/posts"}],"about":[{"href":"https:\/\/radiocristianaenlinea.com\/radiocristiana\/wp-json\/wp\/v2\/types\/post"}],"author":[{"embeddable":true,"href":"https:\/\/radiocristianaenlinea.com\/radiocristiana\/wp-json\/wp\/v2\/users\/5"}],"replies":[{"embeddable":true,"href":"https:\/\/radiocristianaenlinea.com\/radiocristiana\/wp-json\/wp\/v2\/comments?post=2583"}],"version-history":[{"count":1,"href":"https:\/\/radiocristianaenlinea.com\/radiocristiana\/wp-json\/wp\/v2\/posts\/2583\/revisions"}],"predecessor-version":[{"id":2585,"href":"https:\/\/radiocristianaenlinea.com\/radiocristiana\/wp-json\/wp\/v2\/posts\/2583\/revisions\/2585"}],"wp:featuredmedia":[{"embeddable":true,"href":"https:\/\/radiocristianaenlinea.com\/radiocristiana\/wp-json\/wp\/v2\/media\/2584"}],"wp:attachment":[{"href":"https:\/\/radiocristianaenlinea.com\/radiocristiana\/wp-json\/wp\/v2\/media?parent=2583"}],"wp:term":[{"taxonomy":"category","embeddable":true,"href":"https:\/\/radiocristianaenlinea.com\/radiocristiana\/wp-json\/wp\/v2\/categories?post=2583"},{"taxonomy":"post_tag","embeddable":true,"href":"https:\/\/radiocristianaenlinea.com\/radiocristiana\/wp-json\/wp\/v2\/tags?post=2583"}],"curies":[{"name":"wp","href":"https:\/\/api.w.org\/{rel}","templated":true}]}}