{"id":2586,"date":"2017-08-15T17:38:19","date_gmt":"2017-08-15T22:38:19","guid":{"rendered":"https:\/\/radiocristianaenlinea.com\/radiocristiana\/?p=2586"},"modified":"2017-08-15T17:38:19","modified_gmt":"2017-08-15T22:38:19","slug":"devocional-del-15-de-agosto-2017","status":"publish","type":"post","link":"https:\/\/radiocristianaenlinea.com\/radiocristiana\/2017\/08\/15\/devocional-del-15-de-agosto-2017\/","title":{"rendered":"DEVOCIONAL DEL 15 DE AGOSTO 2017"},"content":{"rendered":"<p style=\"text-align: center;\"><em><strong>A ordenar a Si\u00f3n a los enlutados, para darles gloria en lugar de ceniza, \u00f3leo de gozo en lugar del luto, manto de alegr\u00eda en lugar del esp\u00edritu angustiado; y ser\u00e1n llamados \u00e1rboles de justicia, plant\u00edo de Jehov\u00e1, para gloria suya.<\/strong><\/em><br \/>\n<em><strong>ISA\u00cdAS 61:3<\/strong><\/em><\/p>\n<p>Mantenemos limpias nuestras vestiduras de alabanza por la Sangre de Jesucristo, pidi\u00e9ndole que aplique Su Sangre a toda nuestra tristeza carnal y a todo rechazo de nuestra soberan\u00eda en las circunstancias diarias de nuestra vida.<\/p>\n<p>Guardamos nuestras vestiduras de alabanza, dando gracias en todo.<\/p>\n<p>Dios desea que tengamos una gozosa actitud de alabanza por Su soberan\u00eda, ya sea que esta traiga placer o dolor a nuestra vida.<\/p>\n<p><em><strong>Que el Se\u00f1or Jesucristo le bendiga.<\/strong><\/em><\/p>\n","protected":false},"excerpt":{"rendered":"<p>A ordenar a Si\u00f3n a los enlutados, para darles gloria en lugar de ceniza, \u00f3leo de gozo en lugar del luto, manto de alegr\u00eda en lugar del esp\u00edritu angustiado; y ser\u00e1n llamados \u00e1rboles de justicia, plant\u00edo de Jehov\u00e1, para gloria suya. ISA\u00cdAS 61:3 Mantenemos limpias nuestras vestiduras de alabanza por la Sangre de Jesucristo, pidi\u00e9ndole [&hellip;]<\/p>\n","protected":false},"author":5,"featured_media":2587,"comment_status":"closed","ping_status":"closed","sticky":false,"template":"","format":"standard","meta":{"_crdt_document":"","_monsterinsights_skip_tracking":false,"_monsterinsights_sitenote_active":false,"_monsterinsights_sitenote_note":"","_monsterinsights_sitenote_category":0,"footnotes":""},"categories":[3,38],"tags":[],"class_list":{"0":"post-2586","1":"post","2":"type-post","3":"status-publish","4":"format-standard","5":"has-post-thumbnail","6":"hentry","7":"category-devocionales","8":"category-pastor-oscar-sanchez","10":"post-with-thumbnail","11":"post-with-thumbnail-large"},"aioseo_notices":[],"_links":{"self":[{"href":"https:\/\/radiocristianaenlinea.com\/radiocristiana\/wp-json\/wp\/v2\/posts\/2586","targetHints":{"allow":["GET"]}}],"collection":[{"href":"https:\/\/radiocristianaenlinea.com\/radiocristiana\/wp-json\/wp\/v2\/posts"}],"about":[{"href":"https:\/\/radiocristianaenlinea.com\/radiocristiana\/wp-json\/wp\/v2\/types\/post"}],"author":[{"embeddable":true,"href":"https:\/\/radiocristianaenlinea.com\/radiocristiana\/wp-json\/wp\/v2\/users\/5"}],"replies":[{"embeddable":true,"href":"https:\/\/radiocristianaenlinea.com\/radiocristiana\/wp-json\/wp\/v2\/comments?post=2586"}],"version-history":[{"count":1,"href":"https:\/\/radiocristianaenlinea.com\/radiocristiana\/wp-json\/wp\/v2\/posts\/2586\/revisions"}],"predecessor-version":[{"id":2588,"href":"https:\/\/radiocristianaenlinea.com\/radiocristiana\/wp-json\/wp\/v2\/posts\/2586\/revisions\/2588"}],"wp:featuredmedia":[{"embeddable":true,"href":"https:\/\/radiocristianaenlinea.com\/radiocristiana\/wp-json\/wp\/v2\/media\/2587"}],"wp:attachment":[{"href":"https:\/\/radiocristianaenlinea.com\/radiocristiana\/wp-json\/wp\/v2\/media?parent=2586"}],"wp:term":[{"taxonomy":"category","embeddable":true,"href":"https:\/\/radiocristianaenlinea.com\/radiocristiana\/wp-json\/wp\/v2\/categories?post=2586"},{"taxonomy":"post_tag","embeddable":true,"href":"https:\/\/radiocristianaenlinea.com\/radiocristiana\/wp-json\/wp\/v2\/tags?post=2586"}],"curies":[{"name":"wp","href":"https:\/\/api.w.org\/{rel}","templated":true}]}}