{"id":2594,"date":"2017-08-16T17:10:19","date_gmt":"2017-08-16T22:10:19","guid":{"rendered":"https:\/\/radiocristianaenlinea.com\/radiocristiana\/?p=2594"},"modified":"2017-08-16T17:10:19","modified_gmt":"2017-08-16T22:10:19","slug":"devocional-del-16-de-agosto-2017","status":"publish","type":"post","link":"https:\/\/radiocristianaenlinea.com\/radiocristiana\/2017\/08\/16\/devocional-del-16-de-agosto-2017\/","title":{"rendered":"DEVOCIONAL DEL 16 DE AGOSTO 2017"},"content":{"rendered":"<p style=\"text-align: center;\"><strong><em>Porque contigo deshar\u00e9 ej\u00e9rcitos; Y con mi Dios asaltar\u00e9 muros.<\/em><\/strong><br \/>\n<strong><em>SALMO 18:29<\/em><\/strong><\/p>\n<p>David escribi\u00f3 de una ocasi\u00f3n cuando fue necesario saltar un muro.<\/p>\n<p>Este no era un muro ordinario, tal como es visto en algunas carreras de obst\u00e1culos.<\/p>\n<p>Es posible correr alrededor de esa clase de muro porque tiene un final.<\/p>\n<p>En este vers\u00edculo, la palabra hebrea para muro significa una pared, dar vueltas.<\/p>\n<p>En otras palabras, se refiere a un muro que circunda sin aparentes caminos de escape.<\/p>\n","protected":false},"excerpt":{"rendered":"<p>Porque contigo deshar\u00e9 ej\u00e9rcitos; Y con mi Dios asaltar\u00e9 muros. SALMO 18:29 David escribi\u00f3 de una ocasi\u00f3n cuando fue necesario saltar un muro. Este no era un muro ordinario, tal como es visto en algunas carreras de obst\u00e1culos. Es posible correr alrededor de esa clase de muro porque tiene un final. En este vers\u00edculo, la [&hellip;]<\/p>\n","protected":false},"author":5,"featured_media":2595,"comment_status":"closed","ping_status":"closed","sticky":false,"template":"","format":"standard","meta":{"_crdt_document":"","_monsterinsights_skip_tracking":false,"_monsterinsights_sitenote_active":false,"_monsterinsights_sitenote_note":"","_monsterinsights_sitenote_category":0,"footnotes":""},"categories":[3,38],"tags":[],"class_list":{"0":"post-2594","1":"post","2":"type-post","3":"status-publish","4":"format-standard","5":"has-post-thumbnail","6":"hentry","7":"category-devocionales","8":"category-pastor-oscar-sanchez","10":"post-with-thumbnail","11":"post-with-thumbnail-large"},"aioseo_notices":[],"_links":{"self":[{"href":"https:\/\/radiocristianaenlinea.com\/radiocristiana\/wp-json\/wp\/v2\/posts\/2594","targetHints":{"allow":["GET"]}}],"collection":[{"href":"https:\/\/radiocristianaenlinea.com\/radiocristiana\/wp-json\/wp\/v2\/posts"}],"about":[{"href":"https:\/\/radiocristianaenlinea.com\/radiocristiana\/wp-json\/wp\/v2\/types\/post"}],"author":[{"embeddable":true,"href":"https:\/\/radiocristianaenlinea.com\/radiocristiana\/wp-json\/wp\/v2\/users\/5"}],"replies":[{"embeddable":true,"href":"https:\/\/radiocristianaenlinea.com\/radiocristiana\/wp-json\/wp\/v2\/comments?post=2594"}],"version-history":[{"count":1,"href":"https:\/\/radiocristianaenlinea.com\/radiocristiana\/wp-json\/wp\/v2\/posts\/2594\/revisions"}],"predecessor-version":[{"id":2596,"href":"https:\/\/radiocristianaenlinea.com\/radiocristiana\/wp-json\/wp\/v2\/posts\/2594\/revisions\/2596"}],"wp:featuredmedia":[{"embeddable":true,"href":"https:\/\/radiocristianaenlinea.com\/radiocristiana\/wp-json\/wp\/v2\/media\/2595"}],"wp:attachment":[{"href":"https:\/\/radiocristianaenlinea.com\/radiocristiana\/wp-json\/wp\/v2\/media?parent=2594"}],"wp:term":[{"taxonomy":"category","embeddable":true,"href":"https:\/\/radiocristianaenlinea.com\/radiocristiana\/wp-json\/wp\/v2\/categories?post=2594"},{"taxonomy":"post_tag","embeddable":true,"href":"https:\/\/radiocristianaenlinea.com\/radiocristiana\/wp-json\/wp\/v2\/tags?post=2594"}],"curies":[{"name":"wp","href":"https:\/\/api.w.org\/{rel}","templated":true}]}}