{"id":2597,"date":"2017-08-16T17:16:09","date_gmt":"2017-08-16T22:16:09","guid":{"rendered":"https:\/\/radiocristianaenlinea.com\/radiocristiana\/?p=2597"},"modified":"2017-08-16T17:16:09","modified_gmt":"2017-08-16T22:16:09","slug":"pan-diario-del-16-de-agosto-2017","status":"publish","type":"post","link":"https:\/\/radiocristianaenlinea.com\/radiocristiana\/2017\/08\/16\/pan-diario-del-16-de-agosto-2017\/","title":{"rendered":"PAN DIARIO DEL 16 DE AGOSTO 2017"},"content":{"rendered":"<p style=\"text-align: center;\"><strong>N\u00fameros 13:25\u201314:9<br \/>\n<\/strong><strong>Con nosotros est\u00e1 el Se\u00f1or; no tem\u00e1is (N\u00fameros 14:9).<\/strong><\/p>\n<p>\u00abA mi esposo le ofrecieron un ascenso en otro pa\u00eds, pero me daba miedo dejar nuestro hogar, as\u00ed que, de mala gana, \u00e9l rechaz\u00f3 la oferta\u00bb, me cont\u00f3 mi amiga. Me explic\u00f3 c\u00f3mo su recelo ante un cambio tan grande evit\u00f3 que se embarcara en una nueva aventura y que, a veces, se preguntara qu\u00e9 se perdieron al no mudarse.<\/p>\n<p>Los israelitas permitieron que sus ansiedades los paralizaran cuando fueron llamados a habitar en una tierra rica y f\u00e9rtil, donde flu\u00eda \u00ableche y miel\u00bb (\u00c9xodo 33:3). Cuando escucharon que hab\u00eda pueblos poderosos en grandes ciudades (v. 27), comenzaron a temer. La mayor\u00eda de los israelitas no quiso entrar en la tierra.<\/p>\n<p><strong>Sin embargo, Josu\u00e9 y Caleb los instaron a confiar en el Se\u00f1or, diciendo: \u00ab[no] tem\u00e1is al pueblo de esta tierra; porque [\u2026] con nosotros est\u00e1 el Se\u00f1or\u00bb (N\u00fameros 14:9). Aunque las personas de all\u00ed parec\u00edan gigantes, pod\u00edan confiar en que el Se\u00f1or estaba con ellos.<\/strong><\/p>\n<p>Mi amiga no recibi\u00f3 la orden de mudarse a otro pa\u00eds, como los israelitas, pero lament\u00f3 permitir que el miedo le quitara esa oportunidad. \u00bfQu\u00e9 me dices de ti: est\u00e1s frente a una situaci\u00f3n que te atemoriza? Si es as\u00ed, el Se\u00f1or est\u00e1 contigo y te guiar\u00e1. Con su amor fiel, podemos avanzar en fe.<\/p>\n<p>Padre amoroso, que no deje que el temor evite que te siga, porque s\u00e9 que siempre me amar\u00e1s y jam\u00e1s me abandonar\u00e1s.<br \/>\nEl temor puede paralizarnos, pero la fe nos impulsa a seguir a Dios.<\/p>\n","protected":false},"excerpt":{"rendered":"<p>N\u00fameros 13:25\u201314:9 Con nosotros est\u00e1 el Se\u00f1or; no tem\u00e1is (N\u00fameros 14:9). \u00abA mi esposo le ofrecieron un ascenso en otro pa\u00eds, pero me daba miedo dejar nuestro hogar, as\u00ed que, de mala gana, \u00e9l rechaz\u00f3 la oferta\u00bb, me cont\u00f3 mi amiga. Me explic\u00f3 c\u00f3mo su recelo ante un cambio tan grande evit\u00f3 que se embarcara [&hellip;]<\/p>\n","protected":false},"author":5,"featured_media":2598,"comment_status":"closed","ping_status":"closed","sticky":false,"template":"","format":"standard","meta":{"_crdt_document":"","_monsterinsights_skip_tracking":false,"_monsterinsights_sitenote_active":false,"_monsterinsights_sitenote_note":"","_monsterinsights_sitenote_category":0,"footnotes":""},"categories":[174],"tags":[],"class_list":{"0":"post-2597","1":"post","2":"type-post","3":"status-publish","4":"format-standard","5":"has-post-thumbnail","6":"hentry","7":"category-pan-diario","9":"post-with-thumbnail","10":"post-with-thumbnail-large"},"aioseo_notices":[],"_links":{"self":[{"href":"https:\/\/radiocristianaenlinea.com\/radiocristiana\/wp-json\/wp\/v2\/posts\/2597","targetHints":{"allow":["GET"]}}],"collection":[{"href":"https:\/\/radiocristianaenlinea.com\/radiocristiana\/wp-json\/wp\/v2\/posts"}],"about":[{"href":"https:\/\/radiocristianaenlinea.com\/radiocristiana\/wp-json\/wp\/v2\/types\/post"}],"author":[{"embeddable":true,"href":"https:\/\/radiocristianaenlinea.com\/radiocristiana\/wp-json\/wp\/v2\/users\/5"}],"replies":[{"embeddable":true,"href":"https:\/\/radiocristianaenlinea.com\/radiocristiana\/wp-json\/wp\/v2\/comments?post=2597"}],"version-history":[{"count":1,"href":"https:\/\/radiocristianaenlinea.com\/radiocristiana\/wp-json\/wp\/v2\/posts\/2597\/revisions"}],"predecessor-version":[{"id":2599,"href":"https:\/\/radiocristianaenlinea.com\/radiocristiana\/wp-json\/wp\/v2\/posts\/2597\/revisions\/2599"}],"wp:featuredmedia":[{"embeddable":true,"href":"https:\/\/radiocristianaenlinea.com\/radiocristiana\/wp-json\/wp\/v2\/media\/2598"}],"wp:attachment":[{"href":"https:\/\/radiocristianaenlinea.com\/radiocristiana\/wp-json\/wp\/v2\/media?parent=2597"}],"wp:term":[{"taxonomy":"category","embeddable":true,"href":"https:\/\/radiocristianaenlinea.com\/radiocristiana\/wp-json\/wp\/v2\/categories?post=2597"},{"taxonomy":"post_tag","embeddable":true,"href":"https:\/\/radiocristianaenlinea.com\/radiocristiana\/wp-json\/wp\/v2\/tags?post=2597"}],"curies":[{"name":"wp","href":"https:\/\/api.w.org\/{rel}","templated":true}]}}