{"id":2606,"date":"2017-08-17T12:10:14","date_gmt":"2017-08-17T17:10:14","guid":{"rendered":"https:\/\/radiocristianaenlinea.com\/radiocristiana\/?p=2606"},"modified":"2017-08-17T12:10:14","modified_gmt":"2017-08-17T17:10:14","slug":"solo-el-puede-darnos-esa-fortaleza","status":"publish","type":"post","link":"https:\/\/radiocristianaenlinea.com\/radiocristiana\/2017\/08\/17\/solo-el-puede-darnos-esa-fortaleza\/","title":{"rendered":"Solo el puede darnos esa fortaleza"},"content":{"rendered":"<p style=\"text-align: justify;\">Isaias 40:31\u00a0pero los que esperan a Jehov\u00e1 tendr\u00e1n nuevas fuerzas; levantar\u00e1n alas como las \u00e1guilas; correr\u00e1n, y no se cansar\u00e1n; caminar\u00e1n, y no se fatigar\u00e1n. La Paz de Cristo ! Dice la palabra de Dios ,los que esperan en El, muchas veces se me terminaron las fuerzas para seguir ,en mis propias fuerzas no pod\u00eda,te ha pasado? Pero gracias a Dios que siempre esta ah\u00ed para renovarnos y darnos nuevas fuerzas &#8230;espera en El, solo EL puede darnos esa fortaleza y la esperanza de avanzar por la victoria que nos espera !Cristo te ama !<\/p>\n","protected":false},"excerpt":{"rendered":"<p>Isaias 40:31\u00a0pero los que esperan a Jehov\u00e1 tendr\u00e1n nuevas fuerzas; levantar\u00e1n alas como las \u00e1guilas; correr\u00e1n, y no se cansar\u00e1n; caminar\u00e1n, y no se fatigar\u00e1n. La Paz de Cristo ! Dice la palabra de Dios ,los que esperan en El, muchas veces se me terminaron las fuerzas para seguir ,en mis propias fuerzas no pod\u00eda,te [&hellip;]<\/p>\n","protected":false},"author":5,"featured_media":2607,"comment_status":"closed","ping_status":"closed","sticky":false,"template":"","format":"standard","meta":{"_crdt_document":"","_monsterinsights_skip_tracking":false,"_monsterinsights_sitenote_active":false,"_monsterinsights_sitenote_note":"","_monsterinsights_sitenote_category":0,"footnotes":""},"categories":[8],"tags":[],"class_list":{"0":"post-2606","1":"post","2":"type-post","3":"status-publish","4":"format-standard","5":"has-post-thumbnail","6":"hentry","7":"category-reflexiones","9":"post-with-thumbnail","10":"post-with-thumbnail-large"},"aioseo_notices":[],"_links":{"self":[{"href":"https:\/\/radiocristianaenlinea.com\/radiocristiana\/wp-json\/wp\/v2\/posts\/2606","targetHints":{"allow":["GET"]}}],"collection":[{"href":"https:\/\/radiocristianaenlinea.com\/radiocristiana\/wp-json\/wp\/v2\/posts"}],"about":[{"href":"https:\/\/radiocristianaenlinea.com\/radiocristiana\/wp-json\/wp\/v2\/types\/post"}],"author":[{"embeddable":true,"href":"https:\/\/radiocristianaenlinea.com\/radiocristiana\/wp-json\/wp\/v2\/users\/5"}],"replies":[{"embeddable":true,"href":"https:\/\/radiocristianaenlinea.com\/radiocristiana\/wp-json\/wp\/v2\/comments?post=2606"}],"version-history":[{"count":1,"href":"https:\/\/radiocristianaenlinea.com\/radiocristiana\/wp-json\/wp\/v2\/posts\/2606\/revisions"}],"predecessor-version":[{"id":2608,"href":"https:\/\/radiocristianaenlinea.com\/radiocristiana\/wp-json\/wp\/v2\/posts\/2606\/revisions\/2608"}],"wp:featuredmedia":[{"embeddable":true,"href":"https:\/\/radiocristianaenlinea.com\/radiocristiana\/wp-json\/wp\/v2\/media\/2607"}],"wp:attachment":[{"href":"https:\/\/radiocristianaenlinea.com\/radiocristiana\/wp-json\/wp\/v2\/media?parent=2606"}],"wp:term":[{"taxonomy":"category","embeddable":true,"href":"https:\/\/radiocristianaenlinea.com\/radiocristiana\/wp-json\/wp\/v2\/categories?post=2606"},{"taxonomy":"post_tag","embeddable":true,"href":"https:\/\/radiocristianaenlinea.com\/radiocristiana\/wp-json\/wp\/v2\/tags?post=2606"}],"curies":[{"name":"wp","href":"https:\/\/api.w.org\/{rel}","templated":true}]}}