{"id":2620,"date":"2017-08-18T14:33:48","date_gmt":"2017-08-18T19:33:48","guid":{"rendered":"https:\/\/radiocristianaenlinea.com\/radiocristiana\/?p=2620"},"modified":"2017-08-18T14:33:48","modified_gmt":"2017-08-18T19:33:48","slug":"la-paz-sea-contigo","status":"publish","type":"post","link":"https:\/\/radiocristianaenlinea.com\/radiocristiana\/2017\/08\/18\/la-paz-sea-contigo\/","title":{"rendered":"La paz sea contigo."},"content":{"rendered":"<p style=\"text-align: center;\"><strong>Por amor de mis hermanos y mis compa\u00f1eros dir\u00e9 yo: La paz sea contigo. <\/strong><\/p>\n<p style=\"text-align: center;\"><strong>Salmo 122:8. <\/strong><\/p>\n<p>En este d\u00eda solo quiero decirte que la Paz de Nuestro Sr JESUCRISTO sea contigo ! Podemos tener muchas cosas materiales, salud , pero si no tenemos esa Paz que solo proviene de Dios , no tenemos nada , as\u00ed es esta ma\u00f1ana recibe la Paz.<\/p>\n","protected":false},"excerpt":{"rendered":"<p>Por amor de mis hermanos y mis compa\u00f1eros dir\u00e9 yo: La paz sea contigo. Salmo 122:8. En este d\u00eda solo quiero decirte que la Paz de Nuestro Sr JESUCRISTO sea contigo ! Podemos tener muchas cosas materiales, salud , pero si no tenemos esa Paz que solo proviene de Dios , no tenemos nada , [&hellip;]<\/p>\n","protected":false},"author":5,"featured_media":2621,"comment_status":"closed","ping_status":"closed","sticky":false,"template":"","format":"standard","meta":{"_crdt_document":"","_monsterinsights_skip_tracking":false,"_monsterinsights_sitenote_active":false,"_monsterinsights_sitenote_note":"","_monsterinsights_sitenote_category":0,"footnotes":""},"categories":[8],"tags":[],"class_list":{"0":"post-2620","1":"post","2":"type-post","3":"status-publish","4":"format-standard","5":"has-post-thumbnail","6":"hentry","7":"category-reflexiones","9":"post-with-thumbnail","10":"post-with-thumbnail-large"},"aioseo_notices":[],"_links":{"self":[{"href":"https:\/\/radiocristianaenlinea.com\/radiocristiana\/wp-json\/wp\/v2\/posts\/2620","targetHints":{"allow":["GET"]}}],"collection":[{"href":"https:\/\/radiocristianaenlinea.com\/radiocristiana\/wp-json\/wp\/v2\/posts"}],"about":[{"href":"https:\/\/radiocristianaenlinea.com\/radiocristiana\/wp-json\/wp\/v2\/types\/post"}],"author":[{"embeddable":true,"href":"https:\/\/radiocristianaenlinea.com\/radiocristiana\/wp-json\/wp\/v2\/users\/5"}],"replies":[{"embeddable":true,"href":"https:\/\/radiocristianaenlinea.com\/radiocristiana\/wp-json\/wp\/v2\/comments?post=2620"}],"version-history":[{"count":1,"href":"https:\/\/radiocristianaenlinea.com\/radiocristiana\/wp-json\/wp\/v2\/posts\/2620\/revisions"}],"predecessor-version":[{"id":2622,"href":"https:\/\/radiocristianaenlinea.com\/radiocristiana\/wp-json\/wp\/v2\/posts\/2620\/revisions\/2622"}],"wp:featuredmedia":[{"embeddable":true,"href":"https:\/\/radiocristianaenlinea.com\/radiocristiana\/wp-json\/wp\/v2\/media\/2621"}],"wp:attachment":[{"href":"https:\/\/radiocristianaenlinea.com\/radiocristiana\/wp-json\/wp\/v2\/media?parent=2620"}],"wp:term":[{"taxonomy":"category","embeddable":true,"href":"https:\/\/radiocristianaenlinea.com\/radiocristiana\/wp-json\/wp\/v2\/categories?post=2620"},{"taxonomy":"post_tag","embeddable":true,"href":"https:\/\/radiocristianaenlinea.com\/radiocristiana\/wp-json\/wp\/v2\/tags?post=2620"}],"curies":[{"name":"wp","href":"https:\/\/api.w.org\/{rel}","templated":true}]}}