{"id":2684,"date":"2017-08-21T15:10:03","date_gmt":"2017-08-21T20:10:03","guid":{"rendered":"https:\/\/radiocristianaenlinea.com\/radiocristiana\/?p=2684"},"modified":"2017-08-22T18:01:56","modified_gmt":"2017-08-22T23:01:56","slug":"devocional-del-21-de-agosto-2017","status":"publish","type":"post","link":"https:\/\/radiocristianaenlinea.com\/radiocristiana\/2017\/08\/21\/devocional-del-21-de-agosto-2017\/","title":{"rendered":"DEVOCIONAL DEL 22 DE AGOSTO 2017"},"content":{"rendered":"<p style=\"text-align: center;\"><em><strong>Porque contigo deshar\u00e9 ej\u00e9rcitos;<\/strong><\/em><br \/>\n<em><strong>Y con mi Dios asaltar\u00e9 muros.<\/strong><\/em><br \/>\n<em><strong>SALMO 18:29<\/strong><\/em><\/p>\n<p>Cuando Jes\u00fas se humill\u00f3 a Si Mismos hasta donde Su Padre le hab\u00eda propuesto y no muy lejos, cuando no pudo encontrar la salida, levant\u00f3 Su voz al Se\u00f1or Dios y comenz\u00f3 a clamar para que El Padre viniera con Su poder creativo y gloria de resurrecci\u00f3n a crear y hacer un camino de salida de Su angustiosa muerte.<\/p>\n<p>La gloria de la presencia personal del Padre descendiendo en medio del infierno es lo que brot\u00f3 en el coraz\u00f3n del Hijo, llen\u00e1ndolo con glorioso poder de resurrecci\u00f3n para saltar el muro, poder para saltar fuera del lugar de muerte e infierno, levant\u00e1ndose con vida de resurrecci\u00f3n y correr en el Prop\u00f3sito de la Voluntad de Su Padre.<\/p>\n<p>Dios tiene poder para crear un camino para que nosotros salgamos de nuestras experiencias personales de aparente muerte e infierno.<\/p>\n<p>En lugar de quejarnos y acusar Su justicia, deber\u00edamos comenzar a llamar al Se\u00f1or Jesucristo, al Se\u00f1or Dios, el \u00danico que tiene la naturaleza de humildad y poder para crear nuevos caminos para que nosotros podamos continuar con \u00c9l.<\/p>\n<p>El poder de resurrecci\u00f3n para saltar viene a aquellos que se mantienen corriendo a\u00fan en la muerte y el infierno.<\/p>\n<p><em>Dios le bendiga<\/em><\/p>\n","protected":false},"excerpt":{"rendered":"<p>Porque contigo deshar\u00e9 ej\u00e9rcitos; Y con mi Dios asaltar\u00e9 muros. SALMO 18:29 Cuando Jes\u00fas se humill\u00f3 a Si Mismos hasta donde Su Padre le hab\u00eda propuesto y no muy lejos, cuando no pudo encontrar la salida, levant\u00f3 Su voz al Se\u00f1or Dios y comenz\u00f3 a clamar para que El Padre viniera con Su poder creativo [&hellip;]<\/p>\n","protected":false},"author":5,"featured_media":2685,"comment_status":"closed","ping_status":"closed","sticky":false,"template":"","format":"standard","meta":{"_crdt_document":"","_monsterinsights_skip_tracking":false,"_monsterinsights_sitenote_active":false,"_monsterinsights_sitenote_note":"","_monsterinsights_sitenote_category":0,"footnotes":""},"categories":[3,38],"tags":[],"class_list":{"0":"post-2684","1":"post","2":"type-post","3":"status-publish","4":"format-standard","5":"has-post-thumbnail","6":"hentry","7":"category-devocionales","8":"category-pastor-oscar-sanchez","10":"post-with-thumbnail","11":"post-with-thumbnail-large"},"aioseo_notices":[],"_links":{"self":[{"href":"https:\/\/radiocristianaenlinea.com\/radiocristiana\/wp-json\/wp\/v2\/posts\/2684","targetHints":{"allow":["GET"]}}],"collection":[{"href":"https:\/\/radiocristianaenlinea.com\/radiocristiana\/wp-json\/wp\/v2\/posts"}],"about":[{"href":"https:\/\/radiocristianaenlinea.com\/radiocristiana\/wp-json\/wp\/v2\/types\/post"}],"author":[{"embeddable":true,"href":"https:\/\/radiocristianaenlinea.com\/radiocristiana\/wp-json\/wp\/v2\/users\/5"}],"replies":[{"embeddable":true,"href":"https:\/\/radiocristianaenlinea.com\/radiocristiana\/wp-json\/wp\/v2\/comments?post=2684"}],"version-history":[{"count":3,"href":"https:\/\/radiocristianaenlinea.com\/radiocristiana\/wp-json\/wp\/v2\/posts\/2684\/revisions"}],"predecessor-version":[{"id":2697,"href":"https:\/\/radiocristianaenlinea.com\/radiocristiana\/wp-json\/wp\/v2\/posts\/2684\/revisions\/2697"}],"wp:featuredmedia":[{"embeddable":true,"href":"https:\/\/radiocristianaenlinea.com\/radiocristiana\/wp-json\/wp\/v2\/media\/2685"}],"wp:attachment":[{"href":"https:\/\/radiocristianaenlinea.com\/radiocristiana\/wp-json\/wp\/v2\/media?parent=2684"}],"wp:term":[{"taxonomy":"category","embeddable":true,"href":"https:\/\/radiocristianaenlinea.com\/radiocristiana\/wp-json\/wp\/v2\/categories?post=2684"},{"taxonomy":"post_tag","embeddable":true,"href":"https:\/\/radiocristianaenlinea.com\/radiocristiana\/wp-json\/wp\/v2\/tags?post=2684"}],"curies":[{"name":"wp","href":"https:\/\/api.w.org\/{rel}","templated":true}]}}