{"id":2687,"date":"2017-08-21T18:59:40","date_gmt":"2017-08-21T23:59:40","guid":{"rendered":"https:\/\/radiocristianaenlinea.com\/radiocristiana\/?p=2687"},"modified":"2017-08-21T18:59:40","modified_gmt":"2017-08-21T23:59:40","slug":"agradezca-a-dios-por-lo-que-el-le-permite-tener","status":"publish","type":"post","link":"https:\/\/radiocristianaenlinea.com\/radiocristiana\/2017\/08\/21\/agradezca-a-dios-por-lo-que-el-le-permite-tener\/","title":{"rendered":"AGRADEZCA A DIOS POR LO QUE \u00c9L LE PERMITE TENER"},"content":{"rendered":"<p>\u00bfQu\u00e9 pasar\u00eda si a partir de hoy todo de lo que usted se queja, DIOS le hiciera caso y fuera sacado de su vida?<br \/>\nS\u00f3lo imagine:<\/p>\n<p>&#8211; \u00abNo aguanto a mis hijos\u00bb. Listo, muertos.<\/p>\n<p>&#8211; \u00abMi pelo es horrible\u00bb. Hecho, calva(o).<\/p>\n<p>&#8211; \u00abEstoy harta(o) de mi trabajo\u00bb.<br \/>\nOk, despedida(o).<\/p>\n<p>&#8211; \u00abNo aguanto a mi marido o esposa\u00bb<br \/>\nDe acuerdo, viuda o viudo desde este momento.<\/p>\n<p>&#8211; \u00abNo soporto m\u00e1s este calor\u00bb. A partir de ma\u00f1ana, s\u00f3lo habr\u00e1 nieve y lluvia.<\/p>\n<p>&#8211; \u00abMi casa es un desastre\u00bb. Entonces, vivir\u00e1 en la calle a partir de ahora.<\/p>\n<p>\u00bfQu\u00e9 le parece?<br \/>\nAhora mire a su alrededor. \u00bfQu\u00e9 nos hace diferentes de los dem\u00e1s si el sol sale para justos e injustos? Lo que nos diferencia de los dem\u00e1s es NUESTRA ACTITUD frente a las diversas situaciones.<\/p>\n<p>Entonces, al\u00e9grese y agradezca por TODO lo que tiene, y lo que tenga que cambiar, c\u00e1mbielo. Cuando usted cambia, todo a su alrededor cambia. Cuando el d\u00eda empiece, agradezca.<br \/>\nCuando el d\u00eda termine, agradezca.<\/p>\n<p>No se queje, ACT\u00daE y AGRADEZCA A DIOS POR LO QUE \u00c9L LE PERMITE TENER.<\/p>\n<p>Un maravilloso d\u00eda para todos!<\/p>\n","protected":false},"excerpt":{"rendered":"<p>\u00bfQu\u00e9 pasar\u00eda si a partir de hoy todo de lo que usted se queja, DIOS le hiciera caso y fuera sacado de su vida? S\u00f3lo imagine: &#8211; \u00abNo aguanto a mis hijos\u00bb. Listo, muertos. &#8211; \u00abMi pelo es horrible\u00bb. Hecho, calva(o). &#8211; \u00abEstoy harta(o) de mi trabajo\u00bb. Ok, despedida(o). &#8211; \u00abNo aguanto a mi marido [&hellip;]<\/p>\n","protected":false},"author":5,"featured_media":2688,"comment_status":"closed","ping_status":"closed","sticky":false,"template":"","format":"standard","meta":{"_crdt_document":"","_monsterinsights_skip_tracking":false,"_monsterinsights_sitenote_active":false,"_monsterinsights_sitenote_note":"","_monsterinsights_sitenote_category":0,"footnotes":""},"categories":[8],"tags":[],"class_list":{"0":"post-2687","1":"post","2":"type-post","3":"status-publish","4":"format-standard","5":"has-post-thumbnail","6":"hentry","7":"category-reflexiones","9":"post-with-thumbnail","10":"post-with-thumbnail-large"},"aioseo_notices":[],"_links":{"self":[{"href":"https:\/\/radiocristianaenlinea.com\/radiocristiana\/wp-json\/wp\/v2\/posts\/2687","targetHints":{"allow":["GET"]}}],"collection":[{"href":"https:\/\/radiocristianaenlinea.com\/radiocristiana\/wp-json\/wp\/v2\/posts"}],"about":[{"href":"https:\/\/radiocristianaenlinea.com\/radiocristiana\/wp-json\/wp\/v2\/types\/post"}],"author":[{"embeddable":true,"href":"https:\/\/radiocristianaenlinea.com\/radiocristiana\/wp-json\/wp\/v2\/users\/5"}],"replies":[{"embeddable":true,"href":"https:\/\/radiocristianaenlinea.com\/radiocristiana\/wp-json\/wp\/v2\/comments?post=2687"}],"version-history":[{"count":1,"href":"https:\/\/radiocristianaenlinea.com\/radiocristiana\/wp-json\/wp\/v2\/posts\/2687\/revisions"}],"predecessor-version":[{"id":2689,"href":"https:\/\/radiocristianaenlinea.com\/radiocristiana\/wp-json\/wp\/v2\/posts\/2687\/revisions\/2689"}],"wp:featuredmedia":[{"embeddable":true,"href":"https:\/\/radiocristianaenlinea.com\/radiocristiana\/wp-json\/wp\/v2\/media\/2688"}],"wp:attachment":[{"href":"https:\/\/radiocristianaenlinea.com\/radiocristiana\/wp-json\/wp\/v2\/media?parent=2687"}],"wp:term":[{"taxonomy":"category","embeddable":true,"href":"https:\/\/radiocristianaenlinea.com\/radiocristiana\/wp-json\/wp\/v2\/categories?post=2687"},{"taxonomy":"post_tag","embeddable":true,"href":"https:\/\/radiocristianaenlinea.com\/radiocristiana\/wp-json\/wp\/v2\/tags?post=2687"}],"curies":[{"name":"wp","href":"https:\/\/api.w.org\/{rel}","templated":true}]}}