{"id":2703,"date":"2017-08-23T17:09:36","date_gmt":"2017-08-23T22:09:36","guid":{"rendered":"https:\/\/radiocristianaenlinea.com\/radiocristiana\/?p=2703"},"modified":"2017-08-24T11:52:48","modified_gmt":"2017-08-24T16:52:48","slug":"jonas","status":"publish","type":"post","link":"https:\/\/radiocristianaenlinea.com\/radiocristiana\/2017\/08\/23\/jonas\/","title":{"rendered":"Jon\u00e1s"},"content":{"rendered":"<p style=\"text-align: left;\">Mas Jehov\u00e1 hab\u00eda prevenido un gran pez que tragase a Jon\u00e1s: y estuvo Jon\u00e1s en el vientre del pez tres d\u00edas y tres noches.<\/p>\n<p style=\"text-align: center;\"><em><strong>2 Y or\u00f3 Jon\u00e1s desde el vientre del pez a Jehov\u00e1 su Dios,<\/strong><\/em><\/p>\n<p style=\"text-align: center;\"><em><strong>3 Y dijo:<\/strong><\/em><br \/>\n<em><strong> Clam\u00e9 de mi tribulaci\u00f3n a Jehov\u00e1,<\/strong><\/em><br \/>\n<em><strong> Y \u00e9l me oy\u00f3;<\/strong><\/em><br \/>\n<em><strong> Del vientre del sepulcro clam\u00e9,<\/strong><\/em><br \/>\n<em><strong> Y mi voz oiste.<\/strong><\/em><br \/>\n<em><strong>JON\u00c1S 2:<\/strong><\/em><\/p>\n<p>Con frecuencia atribuimos al Diablo la muerte que sentimos, cuando en realidad lo que estamos experimentado es la muerte enviada por Dios.<\/p>\n<p>\u00c9l permite que Sus olas y Sus ondas vengan contra nosotros para romper la dureza de nuestro coraz\u00f3n y para producir en nosotros nuevos nacimientos de entrega y obediencia a \u00c9l Se\u00f1or Jesucristo.<\/p>\n<p>Muchas veces las olas que sentimos amontonarse sobre nuestra tierra reci\u00e9n arada son precisamente las olas de Dios.<\/p>\n<p>No es otra cosa que Su manera de fertilizarnos para que podamos producir fruto m\u00e1s abundante cuando nos regrese al lado de Su voluntad exaltada y nos da otra oportunidad de caminar de arriba abajo en ella.<\/p>\n<p>Adem\u00e1s Dios toma los dos aspectos de Su voluntad y los pone en forma de cruz para que podamos aprender el misterio de la cruz de Jes\u00fas.<\/p>\n<p>Que tenga un bendecido d\u00eda.<\/p>\n","protected":false},"excerpt":{"rendered":"<p>Mas Jehov\u00e1 hab\u00eda prevenido un gran pez que tragase a Jon\u00e1s: y estuvo Jon\u00e1s en el vientre del pez tres d\u00edas y tres noches. 2 Y or\u00f3 Jon\u00e1s desde el vientre del pez a Jehov\u00e1 su Dios, 3 Y dijo: Clam\u00e9 de mi tribulaci\u00f3n a Jehov\u00e1, Y \u00e9l me oy\u00f3; Del vientre del sepulcro clam\u00e9, [&hellip;]<\/p>\n","protected":false},"author":5,"featured_media":2704,"comment_status":"closed","ping_status":"closed","sticky":false,"template":"","format":"standard","meta":{"_crdt_document":"","_monsterinsights_skip_tracking":false,"_monsterinsights_sitenote_active":false,"_monsterinsights_sitenote_note":"","_monsterinsights_sitenote_category":0,"footnotes":""},"categories":[8],"tags":[],"class_list":{"0":"post-2703","1":"post","2":"type-post","3":"status-publish","4":"format-standard","5":"has-post-thumbnail","6":"hentry","7":"category-reflexiones","9":"post-with-thumbnail","10":"post-with-thumbnail-large"},"aioseo_notices":[],"_links":{"self":[{"href":"https:\/\/radiocristianaenlinea.com\/radiocristiana\/wp-json\/wp\/v2\/posts\/2703","targetHints":{"allow":["GET"]}}],"collection":[{"href":"https:\/\/radiocristianaenlinea.com\/radiocristiana\/wp-json\/wp\/v2\/posts"}],"about":[{"href":"https:\/\/radiocristianaenlinea.com\/radiocristiana\/wp-json\/wp\/v2\/types\/post"}],"author":[{"embeddable":true,"href":"https:\/\/radiocristianaenlinea.com\/radiocristiana\/wp-json\/wp\/v2\/users\/5"}],"replies":[{"embeddable":true,"href":"https:\/\/radiocristianaenlinea.com\/radiocristiana\/wp-json\/wp\/v2\/comments?post=2703"}],"version-history":[{"count":2,"href":"https:\/\/radiocristianaenlinea.com\/radiocristiana\/wp-json\/wp\/v2\/posts\/2703\/revisions"}],"predecessor-version":[{"id":2717,"href":"https:\/\/radiocristianaenlinea.com\/radiocristiana\/wp-json\/wp\/v2\/posts\/2703\/revisions\/2717"}],"wp:featuredmedia":[{"embeddable":true,"href":"https:\/\/radiocristianaenlinea.com\/radiocristiana\/wp-json\/wp\/v2\/media\/2704"}],"wp:attachment":[{"href":"https:\/\/radiocristianaenlinea.com\/radiocristiana\/wp-json\/wp\/v2\/media?parent=2703"}],"wp:term":[{"taxonomy":"category","embeddable":true,"href":"https:\/\/radiocristianaenlinea.com\/radiocristiana\/wp-json\/wp\/v2\/categories?post=2703"},{"taxonomy":"post_tag","embeddable":true,"href":"https:\/\/radiocristianaenlinea.com\/radiocristiana\/wp-json\/wp\/v2\/tags?post=2703"}],"curies":[{"name":"wp","href":"https:\/\/api.w.org\/{rel}","templated":true}]}}