{"id":2725,"date":"2017-08-25T14:24:36","date_gmt":"2017-08-25T19:24:36","guid":{"rendered":"https:\/\/radiocristianaenlinea.com\/radiocristiana\/?p=2725"},"modified":"2017-08-25T14:24:36","modified_gmt":"2017-08-25T19:24:36","slug":"devocional-de-25-de-agosto-2017","status":"publish","type":"post","link":"https:\/\/radiocristianaenlinea.com\/radiocristiana\/2017\/08\/25\/devocional-de-25-de-agosto-2017\/","title":{"rendered":"DEVOCIONAL DE 25 DE AGOSTO 2017"},"content":{"rendered":"<p>35. \u00bfQui\u00e9n nos separar\u00e1 del amor de Cristo? \u00bfTribulaci\u00f3n, o angustia, o persecuci\u00f3n, o hambre, o desnudez, o peligro, o espada?<\/p>\n<p>36. Como est\u00e1 escrito:Por causa de ti somos muertos todo el tiempo;Somos contados como ovejas de matadero.<\/p>\n<p>37. Antes, en todas estas cosas somos m\u00e1s que vencedores por medio de aquel que nos am\u00f3.<\/p>\n<p>38. Por lo cual estoy seguro de que ni la muerte, ni la vida, ni \u00e1ngeles, ni principados, ni potestades, ni lo presente, ni lo por venir,<\/p>\n<p>39. ni lo alto, ni lo profundo, ni ninguna otra cosa creada nos podr\u00e1 separar del amor de Dios, que es en Cristo Jes\u00fas Se\u00f1or nuestro.<br \/>\nROMANOS 8:<\/p>\n<p>El deseo de tener amor es otro clamor del coraz\u00f3n humano.<\/p>\n<p>Sin embargo no est\u00e1 dentro del poder humano satisfacer completamente por s\u00ed mismo este deseo, porque el subconsciente de nuestro coraz\u00f3n est\u00e1 sediento de conocer el amor perfecto, avasallador de Dios, pero gracias a \u00c9l que Su provisi\u00f3n de amor verdadero excede en mucho nuestros deseos.<\/p>\n<p>Bendiciones en este d\u00eda<\/p>\n","protected":false},"excerpt":{"rendered":"<p>35. \u00bfQui\u00e9n nos separar\u00e1 del amor de Cristo? \u00bfTribulaci\u00f3n, o angustia, o persecuci\u00f3n, o hambre, o desnudez, o peligro, o espada? 36. Como est\u00e1 escrito:Por causa de ti somos muertos todo el tiempo;Somos contados como ovejas de matadero. 37. Antes, en todas estas cosas somos m\u00e1s que vencedores por medio de aquel que nos am\u00f3. [&hellip;]<\/p>\n","protected":false},"author":5,"featured_media":2726,"comment_status":"closed","ping_status":"closed","sticky":false,"template":"","format":"standard","meta":{"_crdt_document":"","_monsterinsights_skip_tracking":false,"_monsterinsights_sitenote_active":false,"_monsterinsights_sitenote_note":"","_monsterinsights_sitenote_category":0,"footnotes":""},"categories":[3,38],"tags":[],"class_list":{"0":"post-2725","1":"post","2":"type-post","3":"status-publish","4":"format-standard","5":"has-post-thumbnail","6":"hentry","7":"category-devocionales","8":"category-pastor-oscar-sanchez","10":"post-with-thumbnail","11":"post-with-thumbnail-large"},"aioseo_notices":[],"_links":{"self":[{"href":"https:\/\/radiocristianaenlinea.com\/radiocristiana\/wp-json\/wp\/v2\/posts\/2725","targetHints":{"allow":["GET"]}}],"collection":[{"href":"https:\/\/radiocristianaenlinea.com\/radiocristiana\/wp-json\/wp\/v2\/posts"}],"about":[{"href":"https:\/\/radiocristianaenlinea.com\/radiocristiana\/wp-json\/wp\/v2\/types\/post"}],"author":[{"embeddable":true,"href":"https:\/\/radiocristianaenlinea.com\/radiocristiana\/wp-json\/wp\/v2\/users\/5"}],"replies":[{"embeddable":true,"href":"https:\/\/radiocristianaenlinea.com\/radiocristiana\/wp-json\/wp\/v2\/comments?post=2725"}],"version-history":[{"count":1,"href":"https:\/\/radiocristianaenlinea.com\/radiocristiana\/wp-json\/wp\/v2\/posts\/2725\/revisions"}],"predecessor-version":[{"id":2727,"href":"https:\/\/radiocristianaenlinea.com\/radiocristiana\/wp-json\/wp\/v2\/posts\/2725\/revisions\/2727"}],"wp:featuredmedia":[{"embeddable":true,"href":"https:\/\/radiocristianaenlinea.com\/radiocristiana\/wp-json\/wp\/v2\/media\/2726"}],"wp:attachment":[{"href":"https:\/\/radiocristianaenlinea.com\/radiocristiana\/wp-json\/wp\/v2\/media?parent=2725"}],"wp:term":[{"taxonomy":"category","embeddable":true,"href":"https:\/\/radiocristianaenlinea.com\/radiocristiana\/wp-json\/wp\/v2\/categories?post=2725"},{"taxonomy":"post_tag","embeddable":true,"href":"https:\/\/radiocristianaenlinea.com\/radiocristiana\/wp-json\/wp\/v2\/tags?post=2725"}],"curies":[{"name":"wp","href":"https:\/\/api.w.org\/{rel}","templated":true}]}}