{"id":2752,"date":"2017-09-01T15:11:39","date_gmt":"2017-09-01T20:11:39","guid":{"rendered":"https:\/\/radiocristianaenlinea.com\/radiocristiana\/?p=2752"},"modified":"2017-09-01T15:11:39","modified_gmt":"2017-09-01T20:11:39","slug":"devocional-del-1-de-septiembre-2017","status":"publish","type":"post","link":"https:\/\/radiocristianaenlinea.com\/radiocristiana\/2017\/09\/01\/devocional-del-1-de-septiembre-2017\/","title":{"rendered":"DEVOCIONAL DEL 1 DE SEPTIEMBRE 2017"},"content":{"rendered":"<p style=\"text-align: center;\"><strong><em>En mi coraz\u00f3n he guardado tus dichos, Para no pecar contra ti.<\/em><\/strong><br \/>\n<strong><em>SALMO 119:11<\/em><\/strong><\/p>\n<p>El entendimiento de la revelaci\u00f3n te\u00f3rica de los principios morales de Dios y el conocimiento emp\u00edrico que viene a trav\u00e9s de su implementaci\u00f3n en nuestras vidas, son la fuerza restringente que nos impedir\u00e1 pecar contra Dios.<\/p>\n<p>La \u00abBETH\u00bb o \u00abcasa\u00bb de entendimiento y conocimiento de la Palabra de Dios en una fuerte casa que impedir\u00e1 que el enemigo del pecado entre en nuestros corazones.<\/p>\n<p>Si nosotros almacenamos la Palabra de Dios en la \u00abBETH\u00bb o casa de entendimiento y conocimiento estar\u00e1 a salvo de los ladrones y robadores, y estar\u00e1 lista para usarse cuando sea la Voluntad de Dios que se use.<\/p>\n<p><em><strong>Bendiciones.<\/strong><\/em><\/p>\n","protected":false},"excerpt":{"rendered":"<p>En mi coraz\u00f3n he guardado tus dichos, Para no pecar contra ti. SALMO 119:11 El entendimiento de la revelaci\u00f3n te\u00f3rica de los principios morales de Dios y el conocimiento emp\u00edrico que viene a trav\u00e9s de su implementaci\u00f3n en nuestras vidas, son la fuerza restringente que nos impedir\u00e1 pecar contra Dios. La \u00abBETH\u00bb o \u00abcasa\u00bb de [&hellip;]<\/p>\n","protected":false},"author":5,"featured_media":2753,"comment_status":"closed","ping_status":"closed","sticky":false,"template":"","format":"standard","meta":{"_crdt_document":"","_monsterinsights_skip_tracking":false,"_monsterinsights_sitenote_active":false,"_monsterinsights_sitenote_note":"","_monsterinsights_sitenote_category":0,"footnotes":""},"categories":[3,38],"tags":[],"class_list":{"0":"post-2752","1":"post","2":"type-post","3":"status-publish","4":"format-standard","5":"has-post-thumbnail","6":"hentry","7":"category-devocionales","8":"category-pastor-oscar-sanchez","10":"post-with-thumbnail","11":"post-with-thumbnail-large"},"aioseo_notices":[],"_links":{"self":[{"href":"https:\/\/radiocristianaenlinea.com\/radiocristiana\/wp-json\/wp\/v2\/posts\/2752","targetHints":{"allow":["GET"]}}],"collection":[{"href":"https:\/\/radiocristianaenlinea.com\/radiocristiana\/wp-json\/wp\/v2\/posts"}],"about":[{"href":"https:\/\/radiocristianaenlinea.com\/radiocristiana\/wp-json\/wp\/v2\/types\/post"}],"author":[{"embeddable":true,"href":"https:\/\/radiocristianaenlinea.com\/radiocristiana\/wp-json\/wp\/v2\/users\/5"}],"replies":[{"embeddable":true,"href":"https:\/\/radiocristianaenlinea.com\/radiocristiana\/wp-json\/wp\/v2\/comments?post=2752"}],"version-history":[{"count":1,"href":"https:\/\/radiocristianaenlinea.com\/radiocristiana\/wp-json\/wp\/v2\/posts\/2752\/revisions"}],"predecessor-version":[{"id":2754,"href":"https:\/\/radiocristianaenlinea.com\/radiocristiana\/wp-json\/wp\/v2\/posts\/2752\/revisions\/2754"}],"wp:featuredmedia":[{"embeddable":true,"href":"https:\/\/radiocristianaenlinea.com\/radiocristiana\/wp-json\/wp\/v2\/media\/2753"}],"wp:attachment":[{"href":"https:\/\/radiocristianaenlinea.com\/radiocristiana\/wp-json\/wp\/v2\/media?parent=2752"}],"wp:term":[{"taxonomy":"category","embeddable":true,"href":"https:\/\/radiocristianaenlinea.com\/radiocristiana\/wp-json\/wp\/v2\/categories?post=2752"},{"taxonomy":"post_tag","embeddable":true,"href":"https:\/\/radiocristianaenlinea.com\/radiocristiana\/wp-json\/wp\/v2\/tags?post=2752"}],"curies":[{"name":"wp","href":"https:\/\/api.w.org\/{rel}","templated":true}]}}