{"id":2756,"date":"2017-09-04T15:14:23","date_gmt":"2017-09-04T20:14:23","guid":{"rendered":"https:\/\/radiocristianaenlinea.com\/radiocristiana\/?p=2756"},"modified":"2017-09-04T15:14:23","modified_gmt":"2017-09-04T20:14:23","slug":"pan-diario-25","status":"publish","type":"post","link":"https:\/\/radiocristianaenlinea.com\/radiocristiana\/2017\/09\/04\/pan-diario-25\/","title":{"rendered":"PAN DIARIO"},"content":{"rendered":"<p style=\"text-align: center;\">\u00c9sta, de su pobreza ech\u00f3 todo lo que ten\u00eda, todo su sustento.<br \/>\nMarcos 12:38-44<\/p>\n<p style=\"text-align: left;\">\nAdoro y sirvo al Se\u00f1or escribiendo; m\u00e1s aun ahora, cuando los problemas de salud reducen mi movilidad. Por eso, cuando un conocido dijo que lo que yo escrib\u00eda no serv\u00eda, me desanim\u00e9 y dud\u00e9 del valor de mis peque\u00f1as ofrendas a Dios.<\/p>\n<p>Con la oraci\u00f3n, el estudio de las Escrituras y el est\u00edmulo de mi esposo, familiares y amigos, el Se\u00f1or me confirm\u00f3 que solo \u00c9l, no las opiniones de otras personas, puede determinar la motivaci\u00f3n y el valor de nuestras ofrendas.<\/p>\n<p>Jes\u00fas contradijo nuestros est\u00e1ndares respecto al m\u00e9rito en las ofrendas (Marcos 12:41-44). Mientras los ricos arrojaban grandes sumas de dinero en el tesoro del templo, una viuda pobre puso unas monedas de poco valor (v. 42). El Se\u00f1or declar\u00f3 que esa ofrenda era mayor que la del resto (v. 43), aunque su contribuci\u00f3n les pareci\u00f3 insignificante a quienes la rodeaban (v. 44).<\/p>\n<p>Aunque la historia de la viuda se centra en las ofrendas monetarias, toda acci\u00f3n de dar puede ser una expresi\u00f3n de adoraci\u00f3n y obediencia con amor. Como la viuda, honramos a Dios con ofrendas intencionales, generosas y sacrificiales de aquellas cosas que \u00c9l mismo nos dio. Presentarle de coraz\u00f3n lo mejor de nuestro tiempo, talentos o tesoros es una ofrenda de adoraci\u00f3n invalorable.<\/p>\n<p>Se\u00f1or, gracias por poder devolverte como adoraci\u00f3n lo que t\u00fa nos diste primero.<br \/>\nLas ofrendas motivadas por amor a Dios siempre expresan adoraci\u00f3n.<\/p>\n","protected":false},"excerpt":{"rendered":"<p>\u00c9sta, de su pobreza ech\u00f3 todo lo que ten\u00eda, todo su sustento. Marcos 12:38-44 Adoro y sirvo al Se\u00f1or escribiendo; m\u00e1s aun ahora, cuando los problemas de salud reducen mi movilidad. Por eso, cuando un conocido dijo que lo que yo escrib\u00eda no serv\u00eda, me desanim\u00e9 y dud\u00e9 del valor de mis peque\u00f1as ofrendas a [&hellip;]<\/p>\n","protected":false},"author":5,"featured_media":2757,"comment_status":"closed","ping_status":"closed","sticky":false,"template":"","format":"standard","meta":{"_crdt_document":"","_monsterinsights_skip_tracking":false,"_monsterinsights_sitenote_active":false,"_monsterinsights_sitenote_note":"","_monsterinsights_sitenote_category":0,"footnotes":""},"categories":[174],"tags":[],"class_list":{"0":"post-2756","1":"post","2":"type-post","3":"status-publish","4":"format-standard","5":"has-post-thumbnail","6":"hentry","7":"category-pan-diario","9":"post-with-thumbnail","10":"post-with-thumbnail-large"},"aioseo_notices":[],"_links":{"self":[{"href":"https:\/\/radiocristianaenlinea.com\/radiocristiana\/wp-json\/wp\/v2\/posts\/2756","targetHints":{"allow":["GET"]}}],"collection":[{"href":"https:\/\/radiocristianaenlinea.com\/radiocristiana\/wp-json\/wp\/v2\/posts"}],"about":[{"href":"https:\/\/radiocristianaenlinea.com\/radiocristiana\/wp-json\/wp\/v2\/types\/post"}],"author":[{"embeddable":true,"href":"https:\/\/radiocristianaenlinea.com\/radiocristiana\/wp-json\/wp\/v2\/users\/5"}],"replies":[{"embeddable":true,"href":"https:\/\/radiocristianaenlinea.com\/radiocristiana\/wp-json\/wp\/v2\/comments?post=2756"}],"version-history":[{"count":1,"href":"https:\/\/radiocristianaenlinea.com\/radiocristiana\/wp-json\/wp\/v2\/posts\/2756\/revisions"}],"predecessor-version":[{"id":2758,"href":"https:\/\/radiocristianaenlinea.com\/radiocristiana\/wp-json\/wp\/v2\/posts\/2756\/revisions\/2758"}],"wp:featuredmedia":[{"embeddable":true,"href":"https:\/\/radiocristianaenlinea.com\/radiocristiana\/wp-json\/wp\/v2\/media\/2757"}],"wp:attachment":[{"href":"https:\/\/radiocristianaenlinea.com\/radiocristiana\/wp-json\/wp\/v2\/media?parent=2756"}],"wp:term":[{"taxonomy":"category","embeddable":true,"href":"https:\/\/radiocristianaenlinea.com\/radiocristiana\/wp-json\/wp\/v2\/categories?post=2756"},{"taxonomy":"post_tag","embeddable":true,"href":"https:\/\/radiocristianaenlinea.com\/radiocristiana\/wp-json\/wp\/v2\/tags?post=2756"}],"curies":[{"name":"wp","href":"https:\/\/api.w.org\/{rel}","templated":true}]}}