{"id":2759,"date":"2017-09-04T17:20:50","date_gmt":"2017-09-04T22:20:50","guid":{"rendered":"https:\/\/radiocristianaenlinea.com\/radiocristiana\/?p=2759"},"modified":"2017-09-04T17:20:50","modified_gmt":"2017-09-04T22:20:50","slug":"devocional-del-4-de-septiembre-2017","status":"publish","type":"post","link":"https:\/\/radiocristianaenlinea.com\/radiocristiana\/2017\/09\/04\/devocional-del-4-de-septiembre-2017\/","title":{"rendered":"DEVOCIONAL DEL 4 DE SEPTIEMBRE 2017"},"content":{"rendered":"<p style=\"text-align: center;\"><strong>Y hablar\u00e1 palabras contra el Alt\u00edsimo, y a los santos del Alt\u00edsimo quebrantar\u00e1, y pensar\u00e1 en mudar los tiempos y la ley: y entregados ser\u00e1n en su mano hasta tiempo, y tiempos, y el medio de un tiempo.<\/strong><br \/>\n<strong>DANIEL 7:25<\/strong><\/p>\n<p>Una de las t\u00e9cnicas favoritas del Diablo es quebrantar a los santos de Dios mediante su opresi\u00f3n y dificultades constantes.<\/p>\n<p>La palabra quebrantar en hebreo y en arameo se usa para expresar el pensamiento de desgaste de ropa.<\/p>\n<p>En este caso, denota la persecuci\u00f3n continua e implacable que har\u00e1 el Anticristo en contra de los santos que queden para pasar por el periodo de la tribulaci\u00f3n.<\/p>\n<p>A\u00fan en nuestros d\u00edas, Dios permite que el enemigo nos oprima y nos persiga, para probar que tan sincero es nuestro deseo de seguir con el Se\u00f1or Jesucristo.<\/p>\n<p>Posiblemente estemos tratando de vencer algo que no es de Cristo en nuestras vidas, pero Sat\u00e1n trata de quebrantarnos antes de que tengamos victoria real sobre esta cosa o situaci\u00f3n;<\/p>\n<p>por todos los medios trata de que nos rindamos espiritualmente.<\/p>\n<p>Pero una vez que entendemos las t\u00e1cticas que usa nuestro enemigo, podemos resistir al Diablo, y tendr\u00e1 que huir de nosotros.<\/p>\n<p><em><strong>Que tenga una bendecida semana.<\/strong><\/em><\/p>\n","protected":false},"excerpt":{"rendered":"<p>Y hablar\u00e1 palabras contra el Alt\u00edsimo, y a los santos del Alt\u00edsimo quebrantar\u00e1, y pensar\u00e1 en mudar los tiempos y la ley: y entregados ser\u00e1n en su mano hasta tiempo, y tiempos, y el medio de un tiempo. DANIEL 7:25 Una de las t\u00e9cnicas favoritas del Diablo es quebrantar a los santos de Dios mediante [&hellip;]<\/p>\n","protected":false},"author":5,"featured_media":2760,"comment_status":"closed","ping_status":"closed","sticky":false,"template":"","format":"standard","meta":{"_crdt_document":"","_monsterinsights_skip_tracking":false,"_monsterinsights_sitenote_active":false,"_monsterinsights_sitenote_note":"","_monsterinsights_sitenote_category":0,"footnotes":""},"categories":[3,38],"tags":[],"class_list":{"0":"post-2759","1":"post","2":"type-post","3":"status-publish","4":"format-standard","5":"has-post-thumbnail","6":"hentry","7":"category-devocionales","8":"category-pastor-oscar-sanchez","10":"post-with-thumbnail","11":"post-with-thumbnail-large"},"aioseo_notices":[],"_links":{"self":[{"href":"https:\/\/radiocristianaenlinea.com\/radiocristiana\/wp-json\/wp\/v2\/posts\/2759","targetHints":{"allow":["GET"]}}],"collection":[{"href":"https:\/\/radiocristianaenlinea.com\/radiocristiana\/wp-json\/wp\/v2\/posts"}],"about":[{"href":"https:\/\/radiocristianaenlinea.com\/radiocristiana\/wp-json\/wp\/v2\/types\/post"}],"author":[{"embeddable":true,"href":"https:\/\/radiocristianaenlinea.com\/radiocristiana\/wp-json\/wp\/v2\/users\/5"}],"replies":[{"embeddable":true,"href":"https:\/\/radiocristianaenlinea.com\/radiocristiana\/wp-json\/wp\/v2\/comments?post=2759"}],"version-history":[{"count":1,"href":"https:\/\/radiocristianaenlinea.com\/radiocristiana\/wp-json\/wp\/v2\/posts\/2759\/revisions"}],"predecessor-version":[{"id":2761,"href":"https:\/\/radiocristianaenlinea.com\/radiocristiana\/wp-json\/wp\/v2\/posts\/2759\/revisions\/2761"}],"wp:featuredmedia":[{"embeddable":true,"href":"https:\/\/radiocristianaenlinea.com\/radiocristiana\/wp-json\/wp\/v2\/media\/2760"}],"wp:attachment":[{"href":"https:\/\/radiocristianaenlinea.com\/radiocristiana\/wp-json\/wp\/v2\/media?parent=2759"}],"wp:term":[{"taxonomy":"category","embeddable":true,"href":"https:\/\/radiocristianaenlinea.com\/radiocristiana\/wp-json\/wp\/v2\/categories?post=2759"},{"taxonomy":"post_tag","embeddable":true,"href":"https:\/\/radiocristianaenlinea.com\/radiocristiana\/wp-json\/wp\/v2\/tags?post=2759"}],"curies":[{"name":"wp","href":"https:\/\/api.w.org\/{rel}","templated":true}]}}