{"id":2762,"date":"2017-09-06T16:45:28","date_gmt":"2017-09-06T21:45:28","guid":{"rendered":"https:\/\/radiocristianaenlinea.com\/radiocristiana\/?p=2762"},"modified":"2017-09-06T16:45:28","modified_gmt":"2017-09-06T21:45:28","slug":"pan-diario-26","status":"publish","type":"post","link":"https:\/\/radiocristianaenlinea.com\/radiocristiana\/2017\/09\/06\/pan-diario-26\/","title":{"rendered":"PAN DIARIO"},"content":{"rendered":"<p style=\"text-align: center;\"><strong><em>Y el que estaba sentado en el trono dijo: He aqu\u00ed, yo hago nuevas todas las cosa<br \/>\n<\/em><\/strong><strong><em> (Apocalipsis 21:5).<\/em><\/strong><\/p>\n<p>Por la ventana de mi oficina, escucho las aves cantar y veo las hojas de los \u00e1rboles moverse con el delicado susurro del viento. Fardos de heno salpican el campo reci\u00e9n cultivado de mi vecino, mientras grandes nubes blancas contrastan con el claro cielo azul.<br \/>\nDisfruto de un poquito del para\u00edso\u2026 excepto por el casi incesante ruido del tr\u00e1nsito que atraviesa nuestra propiedad y por mi leve dolor de cintura. Uso a la ligera la palabra para\u00edso porque, aunque nuestro mundo fue una vez completamente bueno, ya no lo es. Cuando Ad\u00e1n y Eva pecaron, y con ellos la humanidad, fueron expulsados del huerto de Ed\u00e9n, y la tierra fue maldecida (ver G\u00e9nesis 3). Desde entonces, todo lo que hay en ella ha estado sujeto a \u00abla esclavitud de corrupci\u00f3n\u00bb. Sufrimiento, enfermedad e incluso nuestra muerte son resultados de la ca\u00edda en pecado del ser humano (Romanos 8:18-23).<br \/>\nAun as\u00ed, Dios har\u00e1 nuevas todas las cosas. Un d\u00eda, \u00c9l morar\u00e1 entre su pueblo en una nueva creaci\u00f3n: \u00abun cielo nuevo y una tierra nueva\u00bb, donde \u00abya no habr\u00e1 muerte, ni habr\u00e1 m\u00e1s llanto, ni clamor, ni dolor\u00bb (Apocalipsis 21:1-4). Por ahora, solo podemos disfrutar pinceladas esplendentes de la imponente belleza que nos rodea; un peque\u00f1o atisbo del \u00abpara\u00edso\u00bb que vendr\u00e1.<br \/>\nSe\u00f1or, gracias por permitirnos vislumbrar tu belleza en este mundo.<br \/>\nDios est\u00e1 haciendo todo nuevo.<\/p>\n","protected":false},"excerpt":{"rendered":"<p>Y el que estaba sentado en el trono dijo: He aqu\u00ed, yo hago nuevas todas las cosa (Apocalipsis 21:5). Por la ventana de mi oficina, escucho las aves cantar y veo las hojas de los \u00e1rboles moverse con el delicado susurro del viento. Fardos de heno salpican el campo reci\u00e9n cultivado de mi vecino, mientras [&hellip;]<\/p>\n","protected":false},"author":5,"featured_media":2763,"comment_status":"closed","ping_status":"closed","sticky":false,"template":"","format":"standard","meta":{"_crdt_document":"","_monsterinsights_skip_tracking":false,"_monsterinsights_sitenote_active":false,"_monsterinsights_sitenote_note":"","_monsterinsights_sitenote_category":0,"footnotes":""},"categories":[174],"tags":[],"class_list":{"0":"post-2762","1":"post","2":"type-post","3":"status-publish","4":"format-standard","5":"has-post-thumbnail","6":"hentry","7":"category-pan-diario","9":"post-with-thumbnail","10":"post-with-thumbnail-large"},"aioseo_notices":[],"_links":{"self":[{"href":"https:\/\/radiocristianaenlinea.com\/radiocristiana\/wp-json\/wp\/v2\/posts\/2762","targetHints":{"allow":["GET"]}}],"collection":[{"href":"https:\/\/radiocristianaenlinea.com\/radiocristiana\/wp-json\/wp\/v2\/posts"}],"about":[{"href":"https:\/\/radiocristianaenlinea.com\/radiocristiana\/wp-json\/wp\/v2\/types\/post"}],"author":[{"embeddable":true,"href":"https:\/\/radiocristianaenlinea.com\/radiocristiana\/wp-json\/wp\/v2\/users\/5"}],"replies":[{"embeddable":true,"href":"https:\/\/radiocristianaenlinea.com\/radiocristiana\/wp-json\/wp\/v2\/comments?post=2762"}],"version-history":[{"count":1,"href":"https:\/\/radiocristianaenlinea.com\/radiocristiana\/wp-json\/wp\/v2\/posts\/2762\/revisions"}],"predecessor-version":[{"id":2764,"href":"https:\/\/radiocristianaenlinea.com\/radiocristiana\/wp-json\/wp\/v2\/posts\/2762\/revisions\/2764"}],"wp:featuredmedia":[{"embeddable":true,"href":"https:\/\/radiocristianaenlinea.com\/radiocristiana\/wp-json\/wp\/v2\/media\/2763"}],"wp:attachment":[{"href":"https:\/\/radiocristianaenlinea.com\/radiocristiana\/wp-json\/wp\/v2\/media?parent=2762"}],"wp:term":[{"taxonomy":"category","embeddable":true,"href":"https:\/\/radiocristianaenlinea.com\/radiocristiana\/wp-json\/wp\/v2\/categories?post=2762"},{"taxonomy":"post_tag","embeddable":true,"href":"https:\/\/radiocristianaenlinea.com\/radiocristiana\/wp-json\/wp\/v2\/tags?post=2762"}],"curies":[{"name":"wp","href":"https:\/\/api.w.org\/{rel}","templated":true}]}}