{"id":2765,"date":"2017-09-06T16:54:31","date_gmt":"2017-09-06T21:54:31","guid":{"rendered":"https:\/\/radiocristianaenlinea.com\/radiocristiana\/?p=2765"},"modified":"2017-09-06T16:54:31","modified_gmt":"2017-09-06T21:54:31","slug":"devocional-del-6-de-septiembre-2017","status":"publish","type":"post","link":"https:\/\/radiocristianaenlinea.com\/radiocristiana\/2017\/09\/06\/devocional-del-6-de-septiembre-2017\/","title":{"rendered":"DEVOCIONAL DEL 6 DE SEPTIEMBRE 2017"},"content":{"rendered":"<p style=\"text-align: center;\">Pero Pablo dijo al centuri\u00f3n y a los soldados: Si \u00e9stos no permanecen en la nave, vosotros no pod\u00e9is salvaros. Entonces los soldados cortaron las amarras del esquife y lo dejaron perderse. Cuando comenz\u00f3 a amanecer, Pablo exhortaba a todos que comiesen, diciendo: \u00c9ste es el decimocuarto d\u00eda que vel\u00e1is y permanec\u00e9is en ayunas, sin comer nada. Por tanto, os ruego que com\u00e1is por vuestra salud; pues ni aun un cabello de la cabeza de ninguno de vosotros perecer\u00e1.\u00a0Y habiendo dicho esto, tom\u00f3 el pan y dio gracias a Dios en presencia de todos, y parti\u00e9ndolo, comenz\u00f3 a comer. Entonces todos, teniendo ya mejor \u00e1nimo, comieron tambi\u00e9n.\u00a0\u00a0Y \u00e9ramos todas las personas en la nave doscientas setenta y seis.\u00a0\u00a0Y ya satisfechos, aligeraron la nave, echando el trigo al mar El naufragiO.\u00a0Cuando se hizo de d\u00eda, no reconoc\u00edan la tierra, pero ve\u00edan una ensenada que ten\u00eda playa, en la cual acordaron varar, si pudiesen, la nave. Cortando, pues, las anclas, las dejaron en el mar, largando tambi\u00e9n las amarras del tim\u00f3n; e izada al viento la vela de proa, enfilaron hacia la playa. Pero dando en un lugar de dos aguas, hicieron encallar la nave; y la proa, hincada, qued\u00f3 inm\u00f3vil, y la popa se abr\u00eda con la violencia del mar. Entonces los soldados acordaron matar a los presos, para que ninguno se fugase nadando. Pero el centuri\u00f3n, queriendo salvar a Pablo, les impidi\u00f3 este intento, y mand\u00f3 que los que pudiesen nadar se echasen los primeros, y saliesen a tierra;y <strong><em>Los dem\u00e1s, parte en tablas, parte en cosas de la nave. Y as\u00ed aconteci\u00f3 que todos se salvaron saliendo a tierra.<\/em><\/strong><br \/>\n<strong><em>HECHOS 27:<\/em><\/strong><\/p>\n","protected":false},"excerpt":{"rendered":"<p>Pero Pablo dijo al centuri\u00f3n y a los soldados: Si \u00e9stos no permanecen en la nave, vosotros no pod\u00e9is salvaros. Entonces los soldados cortaron las amarras del esquife y lo dejaron perderse. Cuando comenz\u00f3 a amanecer, Pablo exhortaba a todos que comiesen, diciendo: \u00c9ste es el decimocuarto d\u00eda que vel\u00e1is y permanec\u00e9is en ayunas, sin [&hellip;]<\/p>\n","protected":false},"author":5,"featured_media":2766,"comment_status":"closed","ping_status":"closed","sticky":false,"template":"","format":"standard","meta":{"_crdt_document":"","_monsterinsights_skip_tracking":false,"_monsterinsights_sitenote_active":false,"_monsterinsights_sitenote_note":"","_monsterinsights_sitenote_category":0,"footnotes":""},"categories":[3,38],"tags":[],"class_list":{"0":"post-2765","1":"post","2":"type-post","3":"status-publish","4":"format-standard","5":"has-post-thumbnail","6":"hentry","7":"category-devocionales","8":"category-pastor-oscar-sanchez","10":"post-with-thumbnail","11":"post-with-thumbnail-large"},"aioseo_notices":[],"_links":{"self":[{"href":"https:\/\/radiocristianaenlinea.com\/radiocristiana\/wp-json\/wp\/v2\/posts\/2765","targetHints":{"allow":["GET"]}}],"collection":[{"href":"https:\/\/radiocristianaenlinea.com\/radiocristiana\/wp-json\/wp\/v2\/posts"}],"about":[{"href":"https:\/\/radiocristianaenlinea.com\/radiocristiana\/wp-json\/wp\/v2\/types\/post"}],"author":[{"embeddable":true,"href":"https:\/\/radiocristianaenlinea.com\/radiocristiana\/wp-json\/wp\/v2\/users\/5"}],"replies":[{"embeddable":true,"href":"https:\/\/radiocristianaenlinea.com\/radiocristiana\/wp-json\/wp\/v2\/comments?post=2765"}],"version-history":[{"count":1,"href":"https:\/\/radiocristianaenlinea.com\/radiocristiana\/wp-json\/wp\/v2\/posts\/2765\/revisions"}],"predecessor-version":[{"id":2767,"href":"https:\/\/radiocristianaenlinea.com\/radiocristiana\/wp-json\/wp\/v2\/posts\/2765\/revisions\/2767"}],"wp:featuredmedia":[{"embeddable":true,"href":"https:\/\/radiocristianaenlinea.com\/radiocristiana\/wp-json\/wp\/v2\/media\/2766"}],"wp:attachment":[{"href":"https:\/\/radiocristianaenlinea.com\/radiocristiana\/wp-json\/wp\/v2\/media?parent=2765"}],"wp:term":[{"taxonomy":"category","embeddable":true,"href":"https:\/\/radiocristianaenlinea.com\/radiocristiana\/wp-json\/wp\/v2\/categories?post=2765"},{"taxonomy":"post_tag","embeddable":true,"href":"https:\/\/radiocristianaenlinea.com\/radiocristiana\/wp-json\/wp\/v2\/tags?post=2765"}],"curies":[{"name":"wp","href":"https:\/\/api.w.org\/{rel}","templated":true}]}}