{"id":2781,"date":"2017-09-16T20:20:35","date_gmt":"2017-09-17T01:20:35","guid":{"rendered":"https:\/\/radiocristianaenlinea.com\/radiocristiana\/?p=2781"},"modified":"2017-09-16T20:20:35","modified_gmt":"2017-09-17T01:20:35","slug":"pan-diario-8-de-septiembre","status":"publish","type":"post","link":"https:\/\/radiocristianaenlinea.com\/radiocristiana\/2017\/09\/16\/pan-diario-8-de-septiembre\/","title":{"rendered":"Pan Diario  8 de septiembre"},"content":{"rendered":"<p>Nuestro Pan Diario<br \/>\n8 de septiembre<br \/>\nSu mano me llev\u00f3<br \/>\nPor MB<\/p>\n<p>Salmo 30:1-12<br \/>\n\u2026 por la noche durar\u00e1 el lloro, y a la ma\u00f1ana vendr\u00e1 la alegr\u00eda (v. 5).<\/p>\n<p>Hace poco, encontr\u00e9 unos diarios de mi juventud, y no pude resistir releerlos. Al hacerlo, me di cuenta de que, en aquel entonces, mi sentir era muy diferente al de ahora. Mis luchas con la soledad y las dudas sobre mi fe me abrumaban, y al mirar atr\u00e1s, puedo ver claramente c\u00f3mo me llev\u00f3 Dios a un estado mejor. Pensar en su cuidado y bondad para ayudarme a atravesar aquellos d\u00edas me lleva a entender que lo que hoy causa turbaci\u00f3n, un d\u00eda, ser\u00e1 parte de una realidad maravillosa de su amor sanador.<\/p>\n<p>El Salmo 30 celebra de manera similar al evocar con asombro y gratitud la poderosa restauraci\u00f3n que obra el Se\u00f1or: de enfermedad a sanidad, de amenaza de muerte a vida, de experimentar el juicio de Dios a disfrutar de su favor, del lamento al gozo (vv. 2-3, 11).<\/p>\n<p>David, a quien se le atribuye este salmo, tambi\u00e9n experiment\u00f3 una restauraci\u00f3n tan incre\u00edble que pudo confesar: \u00abpor la noche durar\u00e1 el lloro, y a la ma\u00f1ana vendr\u00e1 la alegr\u00eda\u00bb (v. 5). A pesar del dolor que hab\u00eda soportado, descubri\u00f3 algo aun m\u00e1s importante: el poder de la mano restauradora de Dios.<\/p>\n<p>Si hoy est\u00e1s sufriendo y necesitas \u00e1nimo, recuerda aquellos momentos pasados en que Dios te llev\u00f3 de la mano hasta un lugar de sanidad interior. Ora y ten confianza en que lo volver\u00e1 a hacer.<\/p>\n<p>Se\u00f1or, que el recuerdo de tu ayuda en el pasado me ayude hoy.<br \/>\nTodo le pertenece a Dios.<\/p>\n<p>La Biblia en un a\u00f1o<br \/>\nLeer Proverbios 3?5,<br \/>\n2 Corintios 1<\/p>\n","protected":false},"excerpt":{"rendered":"<p>Nuestro Pan Diario 8 de septiembre Su mano me llev\u00f3 Por MB Salmo 30:1-12 \u2026 por la noche durar\u00e1 el lloro, y a la ma\u00f1ana vendr\u00e1 la alegr\u00eda (v. 5). Hace poco, encontr\u00e9 unos diarios de mi juventud, y no pude resistir releerlos. Al hacerlo, me di cuenta de que, en aquel entonces, mi sentir [&hellip;]<\/p>\n","protected":false},"author":1,"featured_media":2782,"comment_status":"closed","ping_status":"closed","sticky":false,"template":"","format":"standard","meta":{"_crdt_document":"","_monsterinsights_skip_tracking":false,"_monsterinsights_sitenote_active":false,"_monsterinsights_sitenote_note":"","_monsterinsights_sitenote_category":0,"footnotes":""},"categories":[174],"tags":[],"class_list":{"0":"post-2781","1":"post","2":"type-post","3":"status-publish","4":"format-standard","5":"has-post-thumbnail","6":"hentry","7":"category-pan-diario","9":"post-with-thumbnail","10":"post-with-thumbnail-large"},"aioseo_notices":[],"_links":{"self":[{"href":"https:\/\/radiocristianaenlinea.com\/radiocristiana\/wp-json\/wp\/v2\/posts\/2781","targetHints":{"allow":["GET"]}}],"collection":[{"href":"https:\/\/radiocristianaenlinea.com\/radiocristiana\/wp-json\/wp\/v2\/posts"}],"about":[{"href":"https:\/\/radiocristianaenlinea.com\/radiocristiana\/wp-json\/wp\/v2\/types\/post"}],"author":[{"embeddable":true,"href":"https:\/\/radiocristianaenlinea.com\/radiocristiana\/wp-json\/wp\/v2\/users\/1"}],"replies":[{"embeddable":true,"href":"https:\/\/radiocristianaenlinea.com\/radiocristiana\/wp-json\/wp\/v2\/comments?post=2781"}],"version-history":[{"count":1,"href":"https:\/\/radiocristianaenlinea.com\/radiocristiana\/wp-json\/wp\/v2\/posts\/2781\/revisions"}],"predecessor-version":[{"id":2783,"href":"https:\/\/radiocristianaenlinea.com\/radiocristiana\/wp-json\/wp\/v2\/posts\/2781\/revisions\/2783"}],"wp:featuredmedia":[{"embeddable":true,"href":"https:\/\/radiocristianaenlinea.com\/radiocristiana\/wp-json\/wp\/v2\/media\/2782"}],"wp:attachment":[{"href":"https:\/\/radiocristianaenlinea.com\/radiocristiana\/wp-json\/wp\/v2\/media?parent=2781"}],"wp:term":[{"taxonomy":"category","embeddable":true,"href":"https:\/\/radiocristianaenlinea.com\/radiocristiana\/wp-json\/wp\/v2\/categories?post=2781"},{"taxonomy":"post_tag","embeddable":true,"href":"https:\/\/radiocristianaenlinea.com\/radiocristiana\/wp-json\/wp\/v2\/tags?post=2781"}],"curies":[{"name":"wp","href":"https:\/\/api.w.org\/{rel}","templated":true}]}}