{"id":2784,"date":"2017-09-17T17:31:12","date_gmt":"2017-09-17T22:31:12","guid":{"rendered":"https:\/\/radiocristianaenlinea.com\/radiocristiana\/?p=2784"},"modified":"2017-09-17T17:31:12","modified_gmt":"2017-09-17T22:31:12","slug":"pan-diario-9-de-septiembre","status":"publish","type":"post","link":"https:\/\/radiocristianaenlinea.com\/radiocristiana\/2017\/09\/17\/pan-diario-9-de-septiembre\/","title":{"rendered":"Pan Diario  9 de septiembre"},"content":{"rendered":"<p>Nuestro Pan Diario<br \/>\n9 de septiembre<br \/>\nVer a Dios<br \/>\nPor JDR<\/p>\n<p>Juan 14:1-12<br \/>\nFelipe le dijo: Se\u00f1or, mu\u00e9stranos el Padre, y nos basta (v. 8).<\/p>\n<p>El pastor y escritor Erwin Lutzer relata una historia sobre un conductor de televisi\u00f3n y un muchachito que estaba dibujando un retrato de Dios. Enojado, el conductor dijo: \u00abNo puedes hacer eso porque nadie sabe c\u00f3mo es Dios\u00bb.<\/p>\n<p>\u00ab\u00a1Lo sabr\u00e1n cuando termine!\u00bb, afirm\u00f3 el muchacho.<\/p>\n<p>Quiz\u00e1 nos preguntemos: \u00bfC\u00f3mo es Dios? \u00bfEs bueno? \u00bfLe importamos? La sencilla respuesta a estas preguntas es lo que Jes\u00fas le explic\u00f3 a Felipe cuando pidi\u00f3: \u00abSe\u00f1or, mu\u00e9stranos el Padre\u00bb. El Se\u00f1or dijo: \u00ab\u00bfTanto tiempo hace que estoy con vosotros, y no me has conocido, Felipe? El que me ha visto a m\u00ed, ha visto al Padre; \u00bfc\u00f3mo, pues, dices t\u00fa: Mu\u00e9stranos el Padre?\u00bb (Juan 14:8-9).<\/p>\n<p>Si deseas ver a Dios, mira a Jes\u00fas. Pablo declar\u00f3: El Hijo \u00abes la imagen del Dios invisible\u00bb (Colosenses 1:15). Lee los cuatro Evangelios en el Nuevo Testamento: Mateo, Marcos, Lucas y Juan. Medita en lo que Jes\u00fas hizo y dijo, y \u00abdibuja\u00bb tu propia imagen mental de Dios a medida que leas. Cuando hayas terminado, sabr\u00e1s mucho mejor c\u00f3mo es \u00c9l.<\/p>\n<p>Una vez, un amigo me dijo que el \u00fanico Dios en el que pod\u00eda creer era el que ve\u00eda en Jes\u00fas. Si miras atentamente, estar\u00e1s de acuerdo. Al leer de \u00c9l, tu coraz\u00f3n palpitar\u00e1 porque, aunque quiz\u00e1 no lo sepas, Jes\u00fas es el Dios que has estado buscando toda tu vida.<\/p>\n<p>Se\u00f1or, ay\u00fadame a verte en las p\u00e1ginas de la Biblia.<br \/>\n\u00abCuanto mejor vemos a Dios, tanto mejor nos vemos a nosotros mismos\u00bb. E. Lutzer<\/p>\n<p>La Biblia en un a\u00f1o<br \/>\nLeer Proverbios 6?7,<br \/>\n2 Corintios 2<\/p>\n","protected":false},"excerpt":{"rendered":"<p>Nuestro Pan Diario 9 de septiembre Ver a Dios Por JDR Juan 14:1-12 Felipe le dijo: Se\u00f1or, mu\u00e9stranos el Padre, y nos basta (v. 8). El pastor y escritor Erwin Lutzer relata una historia sobre un conductor de televisi\u00f3n y un muchachito que estaba dibujando un retrato de Dios. Enojado, el conductor dijo: \u00abNo puedes [&hellip;]<\/p>\n","protected":false},"author":1,"featured_media":2785,"comment_status":"closed","ping_status":"closed","sticky":false,"template":"","format":"standard","meta":{"_crdt_document":"","_monsterinsights_skip_tracking":false,"_monsterinsights_sitenote_active":false,"_monsterinsights_sitenote_note":"","_monsterinsights_sitenote_category":0,"footnotes":""},"categories":[174],"tags":[],"class_list":{"0":"post-2784","1":"post","2":"type-post","3":"status-publish","4":"format-standard","5":"has-post-thumbnail","6":"hentry","7":"category-pan-diario","9":"post-with-thumbnail","10":"post-with-thumbnail-large"},"aioseo_notices":[],"_links":{"self":[{"href":"https:\/\/radiocristianaenlinea.com\/radiocristiana\/wp-json\/wp\/v2\/posts\/2784","targetHints":{"allow":["GET"]}}],"collection":[{"href":"https:\/\/radiocristianaenlinea.com\/radiocristiana\/wp-json\/wp\/v2\/posts"}],"about":[{"href":"https:\/\/radiocristianaenlinea.com\/radiocristiana\/wp-json\/wp\/v2\/types\/post"}],"author":[{"embeddable":true,"href":"https:\/\/radiocristianaenlinea.com\/radiocristiana\/wp-json\/wp\/v2\/users\/1"}],"replies":[{"embeddable":true,"href":"https:\/\/radiocristianaenlinea.com\/radiocristiana\/wp-json\/wp\/v2\/comments?post=2784"}],"version-history":[{"count":1,"href":"https:\/\/radiocristianaenlinea.com\/radiocristiana\/wp-json\/wp\/v2\/posts\/2784\/revisions"}],"predecessor-version":[{"id":2786,"href":"https:\/\/radiocristianaenlinea.com\/radiocristiana\/wp-json\/wp\/v2\/posts\/2784\/revisions\/2786"}],"wp:featuredmedia":[{"embeddable":true,"href":"https:\/\/radiocristianaenlinea.com\/radiocristiana\/wp-json\/wp\/v2\/media\/2785"}],"wp:attachment":[{"href":"https:\/\/radiocristianaenlinea.com\/radiocristiana\/wp-json\/wp\/v2\/media?parent=2784"}],"wp:term":[{"taxonomy":"category","embeddable":true,"href":"https:\/\/radiocristianaenlinea.com\/radiocristiana\/wp-json\/wp\/v2\/categories?post=2784"},{"taxonomy":"post_tag","embeddable":true,"href":"https:\/\/radiocristianaenlinea.com\/radiocristiana\/wp-json\/wp\/v2\/tags?post=2784"}],"curies":[{"name":"wp","href":"https:\/\/api.w.org\/{rel}","templated":true}]}}