{"id":2790,"date":"2017-09-18T17:25:49","date_gmt":"2017-09-18T22:25:49","guid":{"rendered":"https:\/\/radiocristianaenlinea.com\/radiocristiana\/?p=2790"},"modified":"2017-09-18T17:25:49","modified_gmt":"2017-09-18T22:25:49","slug":"pan-diario-11-de-septiembre","status":"publish","type":"post","link":"https:\/\/radiocristianaenlinea.com\/radiocristiana\/2017\/09\/18\/pan-diario-11-de-septiembre\/","title":{"rendered":"Pan Diario  11 de septiembre"},"content":{"rendered":"<p>Nuestro Pan Diario<br \/>\n11 de septiembre<br \/>\nJesucristo entiende<br \/>\nPor Jennifer Benson Schuldt<\/p>\n<p>Juan 1:1-18<br \/>\nY aquel Verbo fue hecho carne, y habit\u00f3 entre nosotros\u2026 (v. 14).<\/p>\n<p>Un capell\u00e1n de los departamentos de polic\u00eda y bomberos de su comunidad asisti\u00f3 a cursos de capacitaci\u00f3n en la academia de polic\u00eda para entender mejor las situaciones que enfrentaban los oficiales al aplicar la ley. El tiempo con los cadetes y el aprendizaje sobre los enormes desaf\u00edos de la profesi\u00f3n le generaron un nuevo sentimiento de humildad y empat\u00eda. En el futuro, espera aconsejar mejor a aquellos que luchan contra el estr\u00e9s emocional, la fatiga y las p\u00e9rdidas.<\/p>\n<p>Sabemos que Dios entiende lo que enfrentamos no solo porque \u00c9l nos cre\u00f3 y ve todo lo que nos sucede, sino porque tambi\u00e9n estuvo en esta Tierra y vivi\u00f3 como un ser humano en la persona de Jesucristo: \u00abY aquel Verbo fue hecho carne, y habit\u00f3 entre nosotros\u00bb (Juan 1:14).<\/p>\n<p>La vida terrenal de Jes\u00fas incluy\u00f3 diversas dificultades: el abrasador calor del sol, el dolor de un est\u00f3mago vac\u00edo y la incertidumbre de no tener una casa. Emocionalmente, enfrent\u00f3 rechazo, traici\u00f3n y constantes amenazas de violencia; tambi\u00e9n el gozo de las amistades y el amor familiar, y todo lo peor que nosotros enfrentamos en este mundo. Por eso, tambi\u00e9n brinda esperanza, porque es el Admirable Consejero que nos escucha con paciencia e inter\u00e9s (Isa\u00edas 9:6), y puede decir: \u00abTe entiendo. Yo pas\u00e9 por eso\u00bb.<\/p>\n<p>Se\u00f1or, s\u00e9 que entiendes todo de m\u00ed. Te entrego mis angustias.<br \/>\nDios entiende las luchas que enfrentamos.<\/p>\n<p>La Biblia en un a\u00f1o<br \/>\nLeer Proverbios 10?12,<br \/>\n2 Corintios 4<\/p>\n","protected":false},"excerpt":{"rendered":"<p>Nuestro Pan Diario 11 de septiembre Jesucristo entiende Por Jennifer Benson Schuldt Juan 1:1-18 Y aquel Verbo fue hecho carne, y habit\u00f3 entre nosotros\u2026 (v. 14). Un capell\u00e1n de los departamentos de polic\u00eda y bomberos de su comunidad asisti\u00f3 a cursos de capacitaci\u00f3n en la academia de polic\u00eda para entender mejor las situaciones que enfrentaban [&hellip;]<\/p>\n","protected":false},"author":1,"featured_media":2791,"comment_status":"closed","ping_status":"closed","sticky":false,"template":"","format":"standard","meta":{"_crdt_document":"","_monsterinsights_skip_tracking":false,"_monsterinsights_sitenote_active":false,"_monsterinsights_sitenote_note":"","_monsterinsights_sitenote_category":0,"footnotes":""},"categories":[174],"tags":[],"class_list":{"0":"post-2790","1":"post","2":"type-post","3":"status-publish","4":"format-standard","5":"has-post-thumbnail","6":"hentry","7":"category-pan-diario","9":"post-with-thumbnail","10":"post-with-thumbnail-large"},"aioseo_notices":[],"_links":{"self":[{"href":"https:\/\/radiocristianaenlinea.com\/radiocristiana\/wp-json\/wp\/v2\/posts\/2790","targetHints":{"allow":["GET"]}}],"collection":[{"href":"https:\/\/radiocristianaenlinea.com\/radiocristiana\/wp-json\/wp\/v2\/posts"}],"about":[{"href":"https:\/\/radiocristianaenlinea.com\/radiocristiana\/wp-json\/wp\/v2\/types\/post"}],"author":[{"embeddable":true,"href":"https:\/\/radiocristianaenlinea.com\/radiocristiana\/wp-json\/wp\/v2\/users\/1"}],"replies":[{"embeddable":true,"href":"https:\/\/radiocristianaenlinea.com\/radiocristiana\/wp-json\/wp\/v2\/comments?post=2790"}],"version-history":[{"count":1,"href":"https:\/\/radiocristianaenlinea.com\/radiocristiana\/wp-json\/wp\/v2\/posts\/2790\/revisions"}],"predecessor-version":[{"id":2792,"href":"https:\/\/radiocristianaenlinea.com\/radiocristiana\/wp-json\/wp\/v2\/posts\/2790\/revisions\/2792"}],"wp:featuredmedia":[{"embeddable":true,"href":"https:\/\/radiocristianaenlinea.com\/radiocristiana\/wp-json\/wp\/v2\/media\/2791"}],"wp:attachment":[{"href":"https:\/\/radiocristianaenlinea.com\/radiocristiana\/wp-json\/wp\/v2\/media?parent=2790"}],"wp:term":[{"taxonomy":"category","embeddable":true,"href":"https:\/\/radiocristianaenlinea.com\/radiocristiana\/wp-json\/wp\/v2\/categories?post=2790"},{"taxonomy":"post_tag","embeddable":true,"href":"https:\/\/radiocristianaenlinea.com\/radiocristiana\/wp-json\/wp\/v2\/tags?post=2790"}],"curies":[{"name":"wp","href":"https:\/\/api.w.org\/{rel}","templated":true}]}}