{"id":2816,"date":"2017-10-01T18:59:03","date_gmt":"2017-10-01T23:59:03","guid":{"rendered":"https:\/\/radiocristianaenlinea.com\/radiocristiana\/?p=2816"},"modified":"2017-10-01T18:59:03","modified_gmt":"2017-10-01T23:59:03","slug":"pan-diario-16-de-septiembre","status":"publish","type":"post","link":"https:\/\/radiocristianaenlinea.com\/radiocristiana\/2017\/10\/01\/pan-diario-16-de-septiembre\/","title":{"rendered":"Pan Diario  16 de septiembre"},"content":{"rendered":"<p>Nuestro Pan Diario<br \/>\n16 de septiembre<br \/>\nControla el enojo<br \/>\nPor Marvin Williams<\/p>\n<p>Efesios 4:15, 26-32<br \/>\nAiraos, pero no pequ\u00e9is; no se ponga el sol sobre vuestro enojo (v. 26).<\/p>\n<p>Mientras com\u00eda con una amiga, me cont\u00f3 que estaba harta de un miembro en particular de su familia, pero que no quer\u00eda decirle nada sobre su detestable costumbre de ignorarla o burlarse de ella. Cuando trat\u00f3 de hablar con \u00e9l sobre el problema, \u00e9l le respondi\u00f3 con expresiones sarc\u00e1sticas. Y ella, enojada, explot\u00f3. Ninguno estuvo dispuesto a ceder, y la brecha en la familia se profundiz\u00f3.<\/p>\n<p>Puedo entenderlo, ya que suelo manejar el enojo de la misma manera. Me resulta dif\u00edcil confrontar a la gente. Si un amigo o un pariente dice algo ofensivo, suelo reprimir lo que siento, hasta que esa persona o alguna otra aparece y dice o hace algo desagradable. Despu\u00e9s de un tiempo, exploto.<\/p>\n<p>Quiz\u00e1 por eso el ap\u00f3stol Pablo se\u00f1al\u00f3 en Efesios 4:26: \u00abno se ponga el sol sobre vuestro enojo\u00bb. Ponerle un l\u00edmite de tiempo a las cuestiones sin resolver mantiene el enojo bajo control. En vez de amargarme por un agravio, lo cual es terreno propicio para la amargura, podemos pedirle a Dios que nos ayude a hablar \u00abla verdad en amor\u00bb (Efesios 4:15).<\/p>\n<p>\u00bfTienes problemas con alguien? En lugar de guard\u00e1rtelo, entr\u00e9gaselo primero a Dios. \u00c9l puede apagar el fuego del enojo con el poder de su perd\u00f3n y amor.<\/p>\n<p>Se\u00f1or, prot\u00e9genos del enojo descontrolado. Que nuestras palabras honren tu nombre.<br \/>\nApaga el fuego del enojo antes de que se descontrole.<\/p>\n<p>La Biblia en un a\u00f1o<br \/>\nLeer Proverbios 25?26<br \/>\n2 Corintios 9<\/p>\n","protected":false},"excerpt":{"rendered":"<p>Nuestro Pan Diario 16 de septiembre Controla el enojo Por Marvin Williams Efesios 4:15, 26-32 Airaos, pero no pequ\u00e9is; no se ponga el sol sobre vuestro enojo (v. 26). Mientras com\u00eda con una amiga, me cont\u00f3 que estaba harta de un miembro en particular de su familia, pero que no quer\u00eda decirle nada sobre su [&hellip;]<\/p>\n","protected":false},"author":1,"featured_media":2817,"comment_status":"closed","ping_status":"closed","sticky":false,"template":"","format":"standard","meta":{"_crdt_document":"","_monsterinsights_skip_tracking":false,"_monsterinsights_sitenote_active":false,"_monsterinsights_sitenote_note":"","_monsterinsights_sitenote_category":0,"footnotes":""},"categories":[174],"tags":[],"class_list":{"0":"post-2816","1":"post","2":"type-post","3":"status-publish","4":"format-standard","5":"has-post-thumbnail","6":"hentry","7":"category-pan-diario","9":"post-with-thumbnail","10":"post-with-thumbnail-large"},"aioseo_notices":[],"_links":{"self":[{"href":"https:\/\/radiocristianaenlinea.com\/radiocristiana\/wp-json\/wp\/v2\/posts\/2816","targetHints":{"allow":["GET"]}}],"collection":[{"href":"https:\/\/radiocristianaenlinea.com\/radiocristiana\/wp-json\/wp\/v2\/posts"}],"about":[{"href":"https:\/\/radiocristianaenlinea.com\/radiocristiana\/wp-json\/wp\/v2\/types\/post"}],"author":[{"embeddable":true,"href":"https:\/\/radiocristianaenlinea.com\/radiocristiana\/wp-json\/wp\/v2\/users\/1"}],"replies":[{"embeddable":true,"href":"https:\/\/radiocristianaenlinea.com\/radiocristiana\/wp-json\/wp\/v2\/comments?post=2816"}],"version-history":[{"count":1,"href":"https:\/\/radiocristianaenlinea.com\/radiocristiana\/wp-json\/wp\/v2\/posts\/2816\/revisions"}],"predecessor-version":[{"id":2818,"href":"https:\/\/radiocristianaenlinea.com\/radiocristiana\/wp-json\/wp\/v2\/posts\/2816\/revisions\/2818"}],"wp:featuredmedia":[{"embeddable":true,"href":"https:\/\/radiocristianaenlinea.com\/radiocristiana\/wp-json\/wp\/v2\/media\/2817"}],"wp:attachment":[{"href":"https:\/\/radiocristianaenlinea.com\/radiocristiana\/wp-json\/wp\/v2\/media?parent=2816"}],"wp:term":[{"taxonomy":"category","embeddable":true,"href":"https:\/\/radiocristianaenlinea.com\/radiocristiana\/wp-json\/wp\/v2\/categories?post=2816"},{"taxonomy":"post_tag","embeddable":true,"href":"https:\/\/radiocristianaenlinea.com\/radiocristiana\/wp-json\/wp\/v2\/tags?post=2816"}],"curies":[{"name":"wp","href":"https:\/\/api.w.org\/{rel}","templated":true}]}}