{"id":2819,"date":"2017-10-03T10:13:49","date_gmt":"2017-10-03T15:13:49","guid":{"rendered":"https:\/\/radiocristianaenlinea.com\/radiocristiana\/?p=2819"},"modified":"2017-10-03T10:33:08","modified_gmt":"2017-10-03T15:33:08","slug":"pan-diario-17-de-septiembre","status":"publish","type":"post","link":"https:\/\/radiocristianaenlinea.com\/radiocristiana\/2017\/10\/03\/pan-diario-17-de-septiembre\/","title":{"rendered":"Pan Diario  17 de septiembre"},"content":{"rendered":"<p>Nuestro Pan Diario<br \/>\n17 de septiembre<br \/>\nQuitar las barreras<br \/>\nPor Kevin Williams<\/p>\n<p>Filem\u00f3n 8-16<br \/>\n<strong>\u2026 como hermano amado, mayormente para m\u00ed, pero cu\u00e1nto m\u00e1s para ti, tanto en la carne como en el Se\u00f1or<\/strong><\/p>\n<p>Ve\u00eda a Maria todos los martes cuando visitaba \u00abla Casa\u00bb, un hogar que ayuda a ex-prisioneras a reintegrarse en la sociedad. Mi vida parec\u00eda diferente a la de ella: reci\u00e9n salida de la c\u00e1rcel, luchando contra las adicciones, separada de su hijo. Se podr\u00eda decir que viv\u00eda al margen de la sociedad.<\/p>\n<p>Tal como Mar\u00eda, On\u00e9simo sab\u00eda lo que significaba vivir casi marginado. Al parecer, cuando era esclavo, hab\u00eda delinquido contra su amo cristiano, Filem\u00f3n, y estaba preso. En la c\u00e1rcel, conoci\u00f3 a Pablo y puso su fe en Cristo (v. 10). Aunque era un hombre nuevo, segu\u00eda siendo esclavo. Pablo lo envi\u00f3 de regreso a la casa de Filem\u00f3n, con una carta en la que instaba a su amo a recibirlo \u00abno ya como esclavo, sino como m\u00e1s que esclavo, como hermano amado\u00bb (Filem\u00f3n 16).<\/p>\n<p>Filem\u00f3n ten\u00eda que tomar una decisi\u00f3n: tratar a On\u00e9simo como esclavo o recibirlo como un hermano en Cristo. Nosotros tambi\u00e9n debemos decidirnos. \u00bfVer\u00eda yo a Mar\u00eda como una ex convicta recuper\u00e1ndose de las adicciones o como una mujer con una vida cambiada por el poder de Cristo? Ahora, caminamos juntas por el sendero de la fe.<\/p>\n<p>Es f\u00e1cil permitir que el estatus econ\u00f3mico y social o las diferencias culturales nos separen, pero el evangelio de Cristo destruye esas barreras.<\/p>\n<p>Se\u00f1or, gracias porque el evangelio cambia las vidas y quita las barreras que nos separan.<br \/>\nEl evangelio cambia a las personas y su manera de relacionarse unas con otras.<\/p>\n<p>La Biblia en un a\u00f1o<br \/>\nLeer Proverbios 27?29<br \/>\n2 Corintios 10<\/p>\n","protected":false},"excerpt":{"rendered":"<p>Nuestro Pan Diario 17 de septiembre Quitar las barreras Por Kevin Williams Filem\u00f3n 8-16 \u2026 como hermano amado, mayormente para m\u00ed, pero cu\u00e1nto m\u00e1s para ti, tanto en la carne como en el Se\u00f1or Ve\u00eda a Maria todos los martes cuando visitaba \u00abla Casa\u00bb, un hogar que ayuda a ex-prisioneras a reintegrarse en la sociedad. [&hellip;]<\/p>\n","protected":false},"author":1,"featured_media":2822,"comment_status":"closed","ping_status":"closed","sticky":false,"template":"","format":"standard","meta":{"_crdt_document":"","_monsterinsights_skip_tracking":false,"_monsterinsights_sitenote_active":false,"_monsterinsights_sitenote_note":"","_monsterinsights_sitenote_category":0,"footnotes":""},"categories":[174],"tags":[],"class_list":{"0":"post-2819","1":"post","2":"type-post","3":"status-publish","4":"format-standard","5":"has-post-thumbnail","6":"hentry","7":"category-pan-diario","9":"post-with-thumbnail","10":"post-with-thumbnail-large"},"aioseo_notices":[],"_links":{"self":[{"href":"https:\/\/radiocristianaenlinea.com\/radiocristiana\/wp-json\/wp\/v2\/posts\/2819","targetHints":{"allow":["GET"]}}],"collection":[{"href":"https:\/\/radiocristianaenlinea.com\/radiocristiana\/wp-json\/wp\/v2\/posts"}],"about":[{"href":"https:\/\/radiocristianaenlinea.com\/radiocristiana\/wp-json\/wp\/v2\/types\/post"}],"author":[{"embeddable":true,"href":"https:\/\/radiocristianaenlinea.com\/radiocristiana\/wp-json\/wp\/v2\/users\/1"}],"replies":[{"embeddable":true,"href":"https:\/\/radiocristianaenlinea.com\/radiocristiana\/wp-json\/wp\/v2\/comments?post=2819"}],"version-history":[{"count":1,"href":"https:\/\/radiocristianaenlinea.com\/radiocristiana\/wp-json\/wp\/v2\/posts\/2819\/revisions"}],"predecessor-version":[{"id":2821,"href":"https:\/\/radiocristianaenlinea.com\/radiocristiana\/wp-json\/wp\/v2\/posts\/2819\/revisions\/2821"}],"wp:featuredmedia":[{"embeddable":true,"href":"https:\/\/radiocristianaenlinea.com\/radiocristiana\/wp-json\/wp\/v2\/media\/2822"}],"wp:attachment":[{"href":"https:\/\/radiocristianaenlinea.com\/radiocristiana\/wp-json\/wp\/v2\/media?parent=2819"}],"wp:term":[{"taxonomy":"category","embeddable":true,"href":"https:\/\/radiocristianaenlinea.com\/radiocristiana\/wp-json\/wp\/v2\/categories?post=2819"},{"taxonomy":"post_tag","embeddable":true,"href":"https:\/\/radiocristianaenlinea.com\/radiocristiana\/wp-json\/wp\/v2\/tags?post=2819"}],"curies":[{"name":"wp","href":"https:\/\/api.w.org\/{rel}","templated":true}]}}