{"id":2835,"date":"2017-10-05T10:51:49","date_gmt":"2017-10-05T15:51:49","guid":{"rendered":"https:\/\/radiocristianaenlinea.com\/radiocristiana\/?p=2835"},"modified":"2017-10-05T10:51:49","modified_gmt":"2017-10-05T15:51:49","slug":"pan-diario-19-de-septiembre","status":"publish","type":"post","link":"https:\/\/radiocristianaenlinea.com\/radiocristiana\/2017\/10\/05\/pan-diario-19-de-septiembre\/","title":{"rendered":"Pan Diario  19 de septiembre"},"content":{"rendered":"<p>Nuestro Pan Diario<br \/>\n19 de septiembre<br \/>\nLa mejor parte<br \/>\nPor JB<\/p>\n<p>Salmo 73:21-28<br \/>\nS\u00e9 vivir humildemente, y s\u00e9 tener abundancia; en todo y por todo estoy ense\u00f1ado\u2026 (Filipenses 4:12).<\/p>\n<p>\u00ab\u00a1Su porci\u00f3n es m\u00e1s grande!\u00bb.<\/p>\n<p>Cuando era ni\u00f1o, mis hermanos y yo sol\u00edamos pelear por el tama\u00f1o del pastel que nos serv\u00eda mam\u00e1. Un d\u00eda, pap\u00e1 levant\u00f3 una ceja ante nuestra travesura y le sonri\u00f3 a mam\u00e1 mientras levantaba su plato y dec\u00eda: \u00abPor favor, dame un trozo del tama\u00f1o de tu coraz\u00f3n\u00bb. Mis hermanos y yo miramos pasmados y en silencio cuando mam\u00e1 se rio y le dio la porci\u00f3n m\u00e1s grande de todas.<\/p>\n<p>Si nos enfocamos en las posesiones de los dem\u00e1s, los celos aparecen muy a menudo. Sin embargo, la Palabra de Dios dirige nuestra mirada a algo mucho m\u00e1s valioso que los bienes materiales. El salmista escribe: \u00abMi porci\u00f3n es el Se\u00f1or; he dicho que guardar\u00e9 tus palabras. Tu presencia supliqu\u00e9 de todo coraz\u00f3n\u00bb (Salmo 119:57-58). Inspirado por el Esp\u00edritu Santo, el escritor comunicaba la verdad de que lo m\u00e1s importante de todo es estar cerca de Dios.<\/p>\n<p>\u00bfQu\u00e9 mejor porci\u00f3n podr\u00edamos tener que nuestro Creador amoroso e ilimitado? Nada en la Tierra puede compararse con \u00c9l, ni nada puede quit\u00e1rnoslo. El vac\u00edo del ser humano aumenta permanentemente; puedes tener \u00abtodo\u00bb en este mundo y, aun as\u00ed, sentirte miserable. Pero cuando Dios es nuestra fuente de felicidad, estamos verdaderamente satisfechos. Solo \u00c9l puede llenar el vac\u00edo en nuestro interior y darnos la paz que necesita nuestro coraz\u00f3n.<\/p>\n<p>Se\u00f1or, gracias porque solo t\u00fa llenas mis vac\u00edos.<br \/>\nCuando somos suyos, \u00c9l es nuestro\u2026 para siempre.<\/p>\n<p>La Biblia en un a\u00f1o<br \/>\nLeer Eclesiast\u00e9s 1?3,<br \/>\n2 Corintios 11:16-33<\/p>\n","protected":false},"excerpt":{"rendered":"<p>Nuestro Pan Diario 19 de septiembre La mejor parte Por JB Salmo 73:21-28 S\u00e9 vivir humildemente, y s\u00e9 tener abundancia; en todo y por todo estoy ense\u00f1ado\u2026 (Filipenses 4:12). \u00ab\u00a1Su porci\u00f3n es m\u00e1s grande!\u00bb. Cuando era ni\u00f1o, mis hermanos y yo sol\u00edamos pelear por el tama\u00f1o del pastel que nos serv\u00eda mam\u00e1. Un d\u00eda, pap\u00e1 [&hellip;]<\/p>\n","protected":false},"author":1,"featured_media":2836,"comment_status":"closed","ping_status":"closed","sticky":false,"template":"","format":"standard","meta":{"_crdt_document":"","_monsterinsights_skip_tracking":false,"_monsterinsights_sitenote_active":false,"_monsterinsights_sitenote_note":"","_monsterinsights_sitenote_category":0,"footnotes":""},"categories":[174],"tags":[],"class_list":{"0":"post-2835","1":"post","2":"type-post","3":"status-publish","4":"format-standard","5":"has-post-thumbnail","6":"hentry","7":"category-pan-diario","9":"post-with-thumbnail","10":"post-with-thumbnail-large"},"aioseo_notices":[],"_links":{"self":[{"href":"https:\/\/radiocristianaenlinea.com\/radiocristiana\/wp-json\/wp\/v2\/posts\/2835","targetHints":{"allow":["GET"]}}],"collection":[{"href":"https:\/\/radiocristianaenlinea.com\/radiocristiana\/wp-json\/wp\/v2\/posts"}],"about":[{"href":"https:\/\/radiocristianaenlinea.com\/radiocristiana\/wp-json\/wp\/v2\/types\/post"}],"author":[{"embeddable":true,"href":"https:\/\/radiocristianaenlinea.com\/radiocristiana\/wp-json\/wp\/v2\/users\/1"}],"replies":[{"embeddable":true,"href":"https:\/\/radiocristianaenlinea.com\/radiocristiana\/wp-json\/wp\/v2\/comments?post=2835"}],"version-history":[{"count":1,"href":"https:\/\/radiocristianaenlinea.com\/radiocristiana\/wp-json\/wp\/v2\/posts\/2835\/revisions"}],"predecessor-version":[{"id":2837,"href":"https:\/\/radiocristianaenlinea.com\/radiocristiana\/wp-json\/wp\/v2\/posts\/2835\/revisions\/2837"}],"wp:featuredmedia":[{"embeddable":true,"href":"https:\/\/radiocristianaenlinea.com\/radiocristiana\/wp-json\/wp\/v2\/media\/2836"}],"wp:attachment":[{"href":"https:\/\/radiocristianaenlinea.com\/radiocristiana\/wp-json\/wp\/v2\/media?parent=2835"}],"wp:term":[{"taxonomy":"category","embeddable":true,"href":"https:\/\/radiocristianaenlinea.com\/radiocristiana\/wp-json\/wp\/v2\/categories?post=2835"},{"taxonomy":"post_tag","embeddable":true,"href":"https:\/\/radiocristianaenlinea.com\/radiocristiana\/wp-json\/wp\/v2\/tags?post=2835"}],"curies":[{"name":"wp","href":"https:\/\/api.w.org\/{rel}","templated":true}]}}