{"id":2850,"date":"2017-10-09T11:48:24","date_gmt":"2017-10-09T16:48:24","guid":{"rendered":"https:\/\/radiocristianaenlinea.com\/radiocristiana\/?p=2850"},"modified":"2017-10-09T11:48:24","modified_gmt":"2017-10-09T16:48:24","slug":"pan-diario-22-de-septiembre","status":"publish","type":"post","link":"https:\/\/radiocristianaenlinea.com\/radiocristiana\/2017\/10\/09\/pan-diario-22-de-septiembre\/","title":{"rendered":"Pan Diario  22 de septiembre"},"content":{"rendered":"<p>Nuestro Pan Diario<br \/>\n22 de septiembre<br \/>\nAgridulce<br \/>\nPor Xochitl Dixon<\/p>\n<p>Job 2:1-10<br \/>\n\u2026 \u00bfRecibiremos de Dios el bien, y el mal no lo recibiremos?.<\/p>\n<p>Cuando nuestro hijito mordi\u00f3 por primera vez un gajo de lim\u00f3n, frunci\u00f3 la nariz y sac\u00f3 la lengua. \u00abPuaj\u00bb, dijo, por lo amargo. Me sonre\u00ed y quise tomar el trozo de fruta, con la intenci\u00f3n de tirarlo a la basura.<\/p>\n<p>\u00ab\u00a1No!\u2014grit\u00f3 mientras se alejaba corriendo\u2014. M\u00e1s puaj\u00bb. Frunc\u00eda los labios cada vez que mord\u00eda y saltaba el jugo. Finalmente, me dio la piel del gajo y se fue.<\/p>\n<p>Mis papilas gustativas reflejan perfectamente mi tendencia a preferir los momentos dulces de la vida y evitar los amargos. Esto me recuerda a la esposa de Job, que parece haber compartido mi aversi\u00f3n a lo agrio del sufrimiento.<\/p>\n<p>Sin duda, a Job no le gustaban las dificultades ni los problemas; aun as\u00ed, honr\u00f3 a Dios en circunstancias desgarradoras (Job 1:1-22). Cuando llagas dolorosas aflig\u00edan su cuerpo, soport\u00f3 la agon\u00eda (2:7-8). Su esposa le dijo que se olvidara de Dios (v. 9), pero \u00e9l sigui\u00f3 confiando en el Se\u00f1or (v. 10).<\/p>\n<p>Es natural preferir evitar los tragos amargos de la vida, pero el Se\u00f1or usa las pruebas para ense\u00f1arnos a confiar en \u00c9l, depender de \u00c9l y someternos a \u00c9l, mientras nos da poder para atravesar las dificultades. Y como Job, no es necesario aprender a disfrutar del sufrimiento para aprender a saborear la inesperada dulzura de los momentos amargos. <\/p>\n<p>Se\u00f1or, gracias porque el sufrimiento no es un desperdicio.<br \/>\nDios utiliza el sufrimiento para fortalecer nuestra fe.<\/p>\n","protected":false},"excerpt":{"rendered":"<p>Nuestro Pan Diario 22 de septiembre Agridulce Por Xochitl Dixon Job 2:1-10 \u2026 \u00bfRecibiremos de Dios el bien, y el mal no lo recibiremos?. Cuando nuestro hijito mordi\u00f3 por primera vez un gajo de lim\u00f3n, frunci\u00f3 la nariz y sac\u00f3 la lengua. \u00abPuaj\u00bb, dijo, por lo amargo. Me sonre\u00ed y quise tomar el trozo de [&hellip;]<\/p>\n","protected":false},"author":1,"featured_media":2851,"comment_status":"closed","ping_status":"closed","sticky":false,"template":"","format":"standard","meta":{"_crdt_document":"","_monsterinsights_skip_tracking":false,"_monsterinsights_sitenote_active":false,"_monsterinsights_sitenote_note":"","_monsterinsights_sitenote_category":0,"footnotes":""},"categories":[174],"tags":[],"class_list":{"0":"post-2850","1":"post","2":"type-post","3":"status-publish","4":"format-standard","5":"has-post-thumbnail","6":"hentry","7":"category-pan-diario","9":"post-with-thumbnail","10":"post-with-thumbnail-large"},"aioseo_notices":[],"_links":{"self":[{"href":"https:\/\/radiocristianaenlinea.com\/radiocristiana\/wp-json\/wp\/v2\/posts\/2850","targetHints":{"allow":["GET"]}}],"collection":[{"href":"https:\/\/radiocristianaenlinea.com\/radiocristiana\/wp-json\/wp\/v2\/posts"}],"about":[{"href":"https:\/\/radiocristianaenlinea.com\/radiocristiana\/wp-json\/wp\/v2\/types\/post"}],"author":[{"embeddable":true,"href":"https:\/\/radiocristianaenlinea.com\/radiocristiana\/wp-json\/wp\/v2\/users\/1"}],"replies":[{"embeddable":true,"href":"https:\/\/radiocristianaenlinea.com\/radiocristiana\/wp-json\/wp\/v2\/comments?post=2850"}],"version-history":[{"count":1,"href":"https:\/\/radiocristianaenlinea.com\/radiocristiana\/wp-json\/wp\/v2\/posts\/2850\/revisions"}],"predecessor-version":[{"id":2852,"href":"https:\/\/radiocristianaenlinea.com\/radiocristiana\/wp-json\/wp\/v2\/posts\/2850\/revisions\/2852"}],"wp:featuredmedia":[{"embeddable":true,"href":"https:\/\/radiocristianaenlinea.com\/radiocristiana\/wp-json\/wp\/v2\/media\/2851"}],"wp:attachment":[{"href":"https:\/\/radiocristianaenlinea.com\/radiocristiana\/wp-json\/wp\/v2\/media?parent=2850"}],"wp:term":[{"taxonomy":"category","embeddable":true,"href":"https:\/\/radiocristianaenlinea.com\/radiocristiana\/wp-json\/wp\/v2\/categories?post=2850"},{"taxonomy":"post_tag","embeddable":true,"href":"https:\/\/radiocristianaenlinea.com\/radiocristiana\/wp-json\/wp\/v2\/tags?post=2850"}],"curies":[{"name":"wp","href":"https:\/\/api.w.org\/{rel}","templated":true}]}}