{"id":2869,"date":"2017-10-12T12:43:30","date_gmt":"2017-10-12T17:43:30","guid":{"rendered":"https:\/\/radiocristianaenlinea.com\/radiocristiana\/?p=2869"},"modified":"2017-10-12T12:56:52","modified_gmt":"2017-10-12T17:56:52","slug":"pan-diario-28-de-septiembre","status":"publish","type":"post","link":"https:\/\/radiocristianaenlinea.com\/radiocristiana\/2017\/10\/12\/pan-diario-28-de-septiembre\/","title":{"rendered":"Pan Diario  28 de septiembre"},"content":{"rendered":"<p>Nuestro Pan Diario<br \/>\n28 de septiembre<br \/>\nEl d\u00eda que no pude orar<br \/>\nPor Randy Kilgore<\/p>\n<p>Romanos 8:26<br \/>\n\u2026 qu\u00e9 hemos de pedir como conviene, no lo sabemos, pero el Esp\u00edritu mismo intercede por nosotros.<\/p>\n<p>En noviembre de 2015, me enter\u00e9 de que ten\u00edan que operarme del coraz\u00f3n. Sorprendido y un poco sacudido, pens\u00e9 en la posibilidad de morir. \u00bfTendr\u00eda que resolver cuestiones financieras o con conocidos y amigos? \u00bfPodr\u00eda terminar trabajos antes de tiempo? Y si hab\u00eda cosas que no pod\u00edan esperar, \u00bfa qui\u00e9n se las encargar\u00eda? Era el momento de actuar y orar.<\/p>\n<p>Pero no pod\u00eda hacer ninguna de las dos cosas\u2026<\/p>\n<p>Mi cuerpo y mi mente estaban tan agotados que no ten\u00eda fuerzas para hacer aun las tareas m\u00e1s sencillas. Incluso, cuando trataba de orar, me quedaba dormido.Estaba frustrado. No pod\u00eda trabajar \u00a1ni pedirle a Dios que me permitiera vivir para pasar m\u00e1s tiempo con mi familia!<\/p>\n<p>Lo peor era no poder orar, pero Dios, que conoce las necesidades humanas, entend\u00eda. Al fin, record\u00e9 que \u00c9l prepar\u00f3 dos cosas para estos casos: la oraci\u00f3n del Esp\u00edritu Santo cuando no podemos orar (Romanos 8:26), y la oraci\u00f3n de otros a nuestro favor (Santiago 5:16; G\u00e1latas 6:2).<\/p>\n<p>\u00a1Qu\u00e9 consolador saber que el Esp\u00edritu elevaba mis preocupaciones ante el Padre! \u00a1Qu\u00e9 bendici\u00f3n saber que amigos y parientes oraban por m\u00ed! Lo sorprendente fue darme cuenta de que, al decirles a los dem\u00e1s que oraran por m\u00ed, Dios tambi\u00e9n me estaba escuchando. \u00a1Y pensar que yo cre\u00eda que no pod\u00eda orar!<\/p>\n<p>Se\u00f1or, gracias por orar por nosotros cuando no podemos hacerlo.<br \/>\nDios nunca cierra sus o\u00eddos a las voces de sus hijos.<\/p>\n<p>La Biblia en un a\u00f1o<br \/>\nLeer Isa\u00edas 5?6,<br \/>\nEfesios 1<\/p>\n","protected":false},"excerpt":{"rendered":"<p>Nuestro Pan Diario 28 de septiembre El d\u00eda que no pude orar Por Randy Kilgore Romanos 8:26 \u2026 qu\u00e9 hemos de pedir como conviene, no lo sabemos, pero el Esp\u00edritu mismo intercede por nosotros. En noviembre de 2015, me enter\u00e9 de que ten\u00edan que operarme del coraz\u00f3n. Sorprendido y un poco sacudido, pens\u00e9 en la [&hellip;]<\/p>\n","protected":false},"author":1,"featured_media":2872,"comment_status":"closed","ping_status":"closed","sticky":false,"template":"","format":"standard","meta":{"_crdt_document":"","_monsterinsights_skip_tracking":false,"_monsterinsights_sitenote_active":false,"_monsterinsights_sitenote_note":"","_monsterinsights_sitenote_category":0,"footnotes":""},"categories":[174],"tags":[],"class_list":{"0":"post-2869","1":"post","2":"type-post","3":"status-publish","4":"format-standard","5":"has-post-thumbnail","6":"hentry","7":"category-pan-diario","9":"post-with-thumbnail","10":"post-with-thumbnail-large"},"aioseo_notices":[],"_links":{"self":[{"href":"https:\/\/radiocristianaenlinea.com\/radiocristiana\/wp-json\/wp\/v2\/posts\/2869","targetHints":{"allow":["GET"]}}],"collection":[{"href":"https:\/\/radiocristianaenlinea.com\/radiocristiana\/wp-json\/wp\/v2\/posts"}],"about":[{"href":"https:\/\/radiocristianaenlinea.com\/radiocristiana\/wp-json\/wp\/v2\/types\/post"}],"author":[{"embeddable":true,"href":"https:\/\/radiocristianaenlinea.com\/radiocristiana\/wp-json\/wp\/v2\/users\/1"}],"replies":[{"embeddable":true,"href":"https:\/\/radiocristianaenlinea.com\/radiocristiana\/wp-json\/wp\/v2\/comments?post=2869"}],"version-history":[{"count":2,"href":"https:\/\/radiocristianaenlinea.com\/radiocristiana\/wp-json\/wp\/v2\/posts\/2869\/revisions"}],"predecessor-version":[{"id":2873,"href":"https:\/\/radiocristianaenlinea.com\/radiocristiana\/wp-json\/wp\/v2\/posts\/2869\/revisions\/2873"}],"wp:featuredmedia":[{"embeddable":true,"href":"https:\/\/radiocristianaenlinea.com\/radiocristiana\/wp-json\/wp\/v2\/media\/2872"}],"wp:attachment":[{"href":"https:\/\/radiocristianaenlinea.com\/radiocristiana\/wp-json\/wp\/v2\/media?parent=2869"}],"wp:term":[{"taxonomy":"category","embeddable":true,"href":"https:\/\/radiocristianaenlinea.com\/radiocristiana\/wp-json\/wp\/v2\/categories?post=2869"},{"taxonomy":"post_tag","embeddable":true,"href":"https:\/\/radiocristianaenlinea.com\/radiocristiana\/wp-json\/wp\/v2\/tags?post=2869"}],"curies":[{"name":"wp","href":"https:\/\/api.w.org\/{rel}","templated":true}]}}