{"id":2879,"date":"2017-10-14T11:46:49","date_gmt":"2017-10-14T16:46:49","guid":{"rendered":"https:\/\/radiocristianaenlinea.com\/radiocristiana\/?p=2879"},"modified":"2017-10-14T11:46:49","modified_gmt":"2017-10-14T16:46:49","slug":"pan-diario-1-octubre-2017","status":"publish","type":"post","link":"https:\/\/radiocristianaenlinea.com\/radiocristiana\/2017\/10\/14\/pan-diario-1-octubre-2017\/","title":{"rendered":"Pan Diario 1 Octubre 2017"},"content":{"rendered":"<p>Nuestro Pan Diario<br \/>\n1 Octubre 2017<br \/>\nCrecer lleva tiempo<br \/>\nPor Cindy Hess Kasper<\/p>\n<p>Leer: Efesios 4:11-16<br \/>\n\u2026 siguiendo la verdad en amor, crezcamos en todo en aquel que es la cabeza, esto es, Cristo (v. 15).<br \/>\nEl primer d\u00eda en preescolar, a la peque\u00f1a Charlotte le pidieron que dibujara un autorretrato. Su obra de arte inclu\u00eda un redondel para el cuerpo, una cabeza ovalada y dos ojos redondos. El \u00faltimo d\u00eda de escuela, le pidieron que hiciera lo mismo. Esta vez, mostraba a una ni\u00f1ita con vestido de colores, un rostro sonriente con sus distintos rasgos y unos hermosos bucles rojos. La escuela hab\u00eda usado una tarea sencilla para demostrar c\u00f3mo act\u00faa el tiempo en la madurez.<br \/>\nSi bien aceptamos que se requiere tiempo para que los ni\u00f1os maduren, podemos impacientarnos con nosotros mismos o con otros creyentes al ser lentos para crecer espiritualmente. Nos alegramos cuando vemos el \u00abfruto del Esp\u00edritu\u00bb (G\u00e1latas 5:22-23), pero nos descorazonamos ante una decisi\u00f3n pecaminosa. El escritor de Hebreos habl\u00f3 de esto: \u00abPorque debiendo ser ya maestros, despu\u00e9s de tanto tiempo, ten\u00e9is necesidad de que se os vuelva a ense\u00f1ar cu\u00e1les son los primeros rudimentos de las palabras de Dios\u00bb (Hebreos 5:12).<br \/>\nOremos unos por otros para crecer en Cristo, y ayudemos con paciencia a quienes aman a Dios pero parece costarles crecer espiritualmente. \u00abSiguiendo la verdad en amor\u00bb, anim\u00e9monos mutuamente para que \u00abcrezcamos en todo en aquel que es la cabeza, esto es, Cristo\u00bb (Efesios 4:15).<br \/>\nSe\u00f1or, ay\u00fadanos a animarnos unos a otros.<br \/>\nLa verdad dicha con amor puede guiarnos a madurar en Cristo.<\/p>\n<p>La Biblia en un a\u00f1o<br \/>\nLeer Isa\u00edas 11\u201313,<br \/>\nEfesios 4<\/p>\n","protected":false},"excerpt":{"rendered":"<p>Nuestro Pan Diario 1 Octubre 2017 Crecer lleva tiempo Por Cindy Hess Kasper Leer: Efesios 4:11-16 \u2026 siguiendo la verdad en amor, crezcamos en todo en aquel que es la cabeza, esto es, Cristo (v. 15). El primer d\u00eda en preescolar, a la peque\u00f1a Charlotte le pidieron que dibujara un autorretrato. Su obra de arte [&hellip;]<\/p>\n","protected":false},"author":1,"featured_media":2880,"comment_status":"closed","ping_status":"closed","sticky":false,"template":"","format":"standard","meta":{"_crdt_document":"","_monsterinsights_skip_tracking":false,"_monsterinsights_sitenote_active":false,"_monsterinsights_sitenote_note":"","_monsterinsights_sitenote_category":0,"footnotes":""},"categories":[174],"tags":[],"class_list":{"0":"post-2879","1":"post","2":"type-post","3":"status-publish","4":"format-standard","5":"has-post-thumbnail","6":"hentry","7":"category-pan-diario","9":"post-with-thumbnail","10":"post-with-thumbnail-large"},"aioseo_notices":[],"_links":{"self":[{"href":"https:\/\/radiocristianaenlinea.com\/radiocristiana\/wp-json\/wp\/v2\/posts\/2879","targetHints":{"allow":["GET"]}}],"collection":[{"href":"https:\/\/radiocristianaenlinea.com\/radiocristiana\/wp-json\/wp\/v2\/posts"}],"about":[{"href":"https:\/\/radiocristianaenlinea.com\/radiocristiana\/wp-json\/wp\/v2\/types\/post"}],"author":[{"embeddable":true,"href":"https:\/\/radiocristianaenlinea.com\/radiocristiana\/wp-json\/wp\/v2\/users\/1"}],"replies":[{"embeddable":true,"href":"https:\/\/radiocristianaenlinea.com\/radiocristiana\/wp-json\/wp\/v2\/comments?post=2879"}],"version-history":[{"count":1,"href":"https:\/\/radiocristianaenlinea.com\/radiocristiana\/wp-json\/wp\/v2\/posts\/2879\/revisions"}],"predecessor-version":[{"id":2881,"href":"https:\/\/radiocristianaenlinea.com\/radiocristiana\/wp-json\/wp\/v2\/posts\/2879\/revisions\/2881"}],"wp:featuredmedia":[{"embeddable":true,"href":"https:\/\/radiocristianaenlinea.com\/radiocristiana\/wp-json\/wp\/v2\/media\/2880"}],"wp:attachment":[{"href":"https:\/\/radiocristianaenlinea.com\/radiocristiana\/wp-json\/wp\/v2\/media?parent=2879"}],"wp:term":[{"taxonomy":"category","embeddable":true,"href":"https:\/\/radiocristianaenlinea.com\/radiocristiana\/wp-json\/wp\/v2\/categories?post=2879"},{"taxonomy":"post_tag","embeddable":true,"href":"https:\/\/radiocristianaenlinea.com\/radiocristiana\/wp-json\/wp\/v2\/tags?post=2879"}],"curies":[{"name":"wp","href":"https:\/\/api.w.org\/{rel}","templated":true}]}}